{"id":20453,"date":"2018-08-13T15:01:55","date_gmt":"2018-08-13T20:01:55","guid":{"rendered":"https:\/\/emisora.univalle.edu.co\/?p=20453"},"modified":"2018-08-13T15:01:55","modified_gmt":"2018-08-13T20:01:55","slug":"ecosalud-equidad-ambiental-y-salud","status":"publish","type":"post","link":"https:\/\/emisora.univalle.edu.co\/index.php\/ecosalud-equidad-ambiental-y-salud\/","title":{"rendered":"Ecosalud, equidad ambiental y salud"},"content":{"rendered":"<p><span class=\"authorPost\">Agencia de Noticias Univalle<\/span><\/p>\n<div class=\"itemFullText\">\n<p>La Escuela de Salud P\u00fablica de la Facultad de Salud de la Universidad del Valle realizar\u00e1 del 15 al 18 de agosto \u201cEcosalud: equidad ambiental y salud\u201d, en las instalaciones del Hotel Intercontinental de Cali.<\/p>\n<p>Ecosalud trata de entender las conexiones entre ambiente, sociedad y salud. Este enfoque va m\u00e1s all\u00e1 del tradicional an\u00e1lisis de las relaciones entre los componente biol\u00f3gicos y f\u00edsicos del ecosistema y las poblaciones humanas, incluyendo el pensamiento sist\u00e9mico y el an\u00e1lisis de las dimensiones pol\u00edticas de estos problemas complejos con equipos transdisciplinarios.<\/p>\n<p>El tema \u201cEquidad Ambiental y en Salud: Conectando alternativas locales en un mundo global\u201d. Este tema enfatiza la necesidad de conectar las iniciativas locales en un mundo global con poderes que amenazan la salud de los ecosistemas y de las personas, y hace un llamado a hacerles frente para lograr una verdadera justicia.<\/p>\n<p>Las sesiones en las ma\u00f1anas se dedicar\u00e1n a conferencistas claves y discusiones provocadoras en las que se analizar\u00e1n y pondr\u00e1n en debate preguntas transversales sobre equidad ambiental y en salud que den apoyo a las ideas de cambio.<\/p>\n<p>Adicionalmente a las actividades relacionadas con el congreso, Ecosalud 2018 promueve actividades precongreso, diversos formatos de presentaci\u00f3n y una serie de actividades direccionadas a promover los principios del enfoque Ecosalud.<\/p>\n<p>Para conocer la programaci\u00f3n del evento\u00a0<a href=\"http:\/\/ecohealth2018.co\/\">http:\/\/ecohealth2018.co<\/a><\/p>\n<\/div>\n","protected":false},"excerpt":{"rendered":"<p>Agencia de Noticias Univalle La Escuela de Salud P\u00fablica de la Facultad de Salud de la Universidad del Valle realizar\u00e1 del 15 al 18 de agosto \u201cEcosalud: equidad ambiental y salud\u201d, en las instalaciones del Hotel Intercontinental de Cali. Ecosalud trata de entender las conexiones entre ambiente, sociedad y salud.[&#8230;]<\/p>\n","protected":false},"author":1,"featured_media":20454,"comment_status":"open","ping_status":"open","sticky":false,"template":"","format":"standard","meta":{"footnotes":""},"categories":[4],"tags":[],"_links":{"self":[{"href":"https:\/\/emisora.univalle.edu.co\/index.php\/wp-json\/wp\/v2\/posts\/20453"}],"collection":[{"href":"https:\/\/emisora.univalle.edu.co\/index.php\/wp-json\/wp\/v2\/posts"}],"about":[{"href":"https:\/\/emisora.univalle.edu.co\/index.php\/wp-json\/wp\/v2\/types\/post"}],"author":[{"embeddable":true,"href":"https:\/\/emisora.univalle.edu.co\/index.php\/wp-json\/wp\/v2\/users\/1"}],"replies":[{"embeddable":true,"href":"https:\/\/emisora.univalle.edu.co\/index.php\/wp-json\/wp\/v2\/comments?post=20453"}],"version-history":[{"count":1,"href":"https:\/\/emisora.univalle.edu.co\/index.php\/wp-json\/wp\/v2\/posts\/20453\/revisions"}],"predecessor-version":[{"id":20455,"href":"https:\/\/emisora.univalle.edu.co\/index.php\/wp-json\/wp\/v2\/posts\/20453\/revisions\/20455"}],"wp:featuredmedia":[{"embeddable":true,"href":"https:\/\/emisora.univalle.edu.co\/index.php\/wp-json\/wp\/v2\/media\/20454"}],"wp:attachment":[{"href":"https:\/\/emisora.univalle.edu.co\/index.php\/wp-json\/wp\/v2\/media?parent=20453"}],"wp:term":[{"taxonomy":"category","embeddable":true,"href":"https:\/\/emisora.univalle.edu.co\/index.php\/wp-json\/wp\/v2\/categories?post=20453"},{"taxonomy":"post_tag","embeddable":true,"href":"https:\/\/emisora.univalle.edu.co\/index.php\/wp-json\/wp\/v2\/tags?post=20453"}],"curies":[{"name":"wp","href":"https:\/\/api.w.org\/{rel}","templated":true}]}}