{"id":20456,"date":"2018-08-13T15:03:58","date_gmt":"2018-08-13T20:03:58","guid":{"rendered":"https:\/\/emisora.univalle.edu.co\/?p=20456"},"modified":"2018-08-13T15:03:58","modified_gmt":"2018-08-13T20:03:58","slug":"nuevo-director-de-la-ungrd-es-egresado-de-la-maestria-en-desarrollo-sustentable","status":"publish","type":"post","link":"https:\/\/emisora.univalle.edu.co\/index.php\/nuevo-director-de-la-ungrd-es-egresado-de-la-maestria-en-desarrollo-sustentable\/","title":{"rendered":"Nuevo director de la Ungrd, es egresado de la Maestr\u00eda en Desarrollo Sustentable"},"content":{"rendered":"<p><span class=\"authorPost\">Agencia de Noticias Univalle<\/span><\/p>\n<div class=\"itemFullText\">\n<p><a href=\"https:\/\/www.larepublica.co\/economia\/ivan-duque-designo-a-eduardo-jose-gonzalez-como-director-de-la-ungrd-2759084\">Tomado del diario La Rep\u00fablica.<\/a><\/p>\n<p>El Presidente Iv\u00e1n Duque posesion\u00f3 ayer a Eduardo Jos\u00e9 Gonz\u00e1lez como Director de la Unidad Nacional para la Gesti\u00f3n del Riesgo de Desastres &#8211; Ungrd.<\/p>\n<p>Gonz\u00e1lez es ingeniero civil de la Universidad del Cauca y tiene una Maestr\u00eda en Desarrollo Sustentable de la Universidad del Valle. Adem\u00e1s, se ha desempe\u00f1ado como director de Desastres y Transporte de la Asociaci\u00f3n de Estados del Caribe (AEC) o de Prevenci\u00f3n y Atenci\u00f3n de Desastres del Ministerio del Interior de Justicia entre 1999 y 2006, entre otros cargos.<\/p>\n<p>\u201cEs una persona que tiene una gran experiencia en estas \u00e1reas. En el pasado ocup\u00f3 estas responsabilidades y enfrent\u00f3 dificultades que se presentaron en el territorio nacional\u201d, asegur\u00f3 el Mandatario al posesionar al funcionario en la Base Militar de Catam en Bogot\u00e1.<\/p>\n<p>Nada m\u00e1s de ser posesionado, Gonz\u00e1lez anunci\u00f3 que hoy se trasladar\u00e1 a Puerto Carre\u00f1o (Vichada) e In\u00edrida (Guain\u00eda), \u201cpara establecer, junto con los gobernadores y los alcaldes, la respuesta inmediata para nuestros colombianos afectados\u201d por la ola invernal.<\/p>\n<\/div>\n","protected":false},"excerpt":{"rendered":"<p>Agencia de Noticias Univalle Tomado del diario La Rep\u00fablica. El Presidente Iv\u00e1n Duque posesion\u00f3 ayer a Eduardo Jos\u00e9 Gonz\u00e1lez como Director de la Unidad Nacional para la Gesti\u00f3n del Riesgo de Desastres &#8211; Ungrd. Gonz\u00e1lez es ingeniero civil de la Universidad del Cauca y tiene una Maestr\u00eda en Desarrollo Sustentable[&#8230;]<\/p>\n","protected":false},"author":1,"featured_media":20457,"comment_status":"open","ping_status":"open","sticky":false,"template":"","format":"standard","meta":{"footnotes":""},"categories":[4],"tags":[],"_links":{"self":[{"href":"https:\/\/emisora.univalle.edu.co\/index.php\/wp-json\/wp\/v2\/posts\/20456"}],"collection":[{"href":"https:\/\/emisora.univalle.edu.co\/index.php\/wp-json\/wp\/v2\/posts"}],"about":[{"href":"https:\/\/emisora.univalle.edu.co\/index.php\/wp-json\/wp\/v2\/types\/post"}],"author":[{"embeddable":true,"href":"https:\/\/emisora.univalle.edu.co\/index.php\/wp-json\/wp\/v2\/users\/1"}],"replies":[{"embeddable":true,"href":"https:\/\/emisora.univalle.edu.co\/index.php\/wp-json\/wp\/v2\/comments?post=20456"}],"version-history":[{"count":1,"href":"https:\/\/emisora.univalle.edu.co\/index.php\/wp-json\/wp\/v2\/posts\/20456\/revisions"}],"predecessor-version":[{"id":20458,"href":"https:\/\/emisora.univalle.edu.co\/index.php\/wp-json\/wp\/v2\/posts\/20456\/revisions\/20458"}],"wp:featuredmedia":[{"embeddable":true,"href":"https:\/\/emisora.univalle.edu.co\/index.php\/wp-json\/wp\/v2\/media\/20457"}],"wp:attachment":[{"href":"https:\/\/emisora.univalle.edu.co\/index.php\/wp-json\/wp\/v2\/media?parent=20456"}],"wp:term":[{"taxonomy":"category","embeddable":true,"href":"https:\/\/emisora.univalle.edu.co\/index.php\/wp-json\/wp\/v2\/categories?post=20456"},{"taxonomy":"post_tag","embeddable":true,"href":"https:\/\/emisora.univalle.edu.co\/index.php\/wp-json\/wp\/v2\/tags?post=20456"}],"curies":[{"name":"wp","href":"https:\/\/api.w.org\/{rel}","templated":true}]}}