{"id":20462,"date":"2018-08-21T15:10:42","date_gmt":"2018-08-21T20:10:42","guid":{"rendered":"https:\/\/emisora.univalle.edu.co\/?p=20462"},"modified":"2018-08-21T15:10:42","modified_gmt":"2018-08-21T20:10:42","slug":"documental-sobre-desmovilizacion-de-las-farc-gana-premio-en-festival-internacional","status":"publish","type":"post","link":"https:\/\/emisora.univalle.edu.co\/index.php\/documental-sobre-desmovilizacion-de-las-farc-gana-premio-en-festival-internacional\/","title":{"rendered":"Documental sobre desmovilizaci\u00f3n de las FARC gana premio en festival internacional"},"content":{"rendered":"<p><span class=\"authorPost\">Agencia de Noticias Univalle<\/span><\/p>\n<div class=\"itemFullText\">\n<p>El documental &#8216;Voces de guerrilla. Y la desmovilizaci\u00f3n del sexto Frente de las Farc \u2013Ep&#8217;, producto de un trabajo de investigaci\u00f3n del antrop\u00f3logo holand\u00e9s Sjoerd Vamn Grootheest y la profesora de la Universidad del Valle Irene V\u00e9lez, gan\u00f3 el premio al mejor Largometraje documental Nacional, en el Festival Internacional de Cine por los Derechos Humanos.<\/p>\n<p>El Festival Internacional se realiza en Bogot\u00e1 y es organizado por el Gobierno de Colombia, Radio Nacional de Colombia, El Espectador, el Centro Nacional de Memoria Hist\u00f3rica, Proim\u00e1genes Colombia, Canal Capital, Movies Matter, Radionica y Konrad Adenaeur Stiftung.<\/p>\n<p>El largometraje, cuya realizaci\u00f3n duro cerca de 18 meses, es producto de una investigaci\u00f3n financiada por la Universidad del Valle, el ICANH y la productora audiovisual Missippi Dragon Fly y muestra las experiencias de desmovilizaci\u00f3n de un grupo de guerrilleros del frente sexto y del frente Galvis de las FARC y cuestiona la voluntad de cumplimiento de los acuerdos por parte del Gobierno Nacional.<\/p>\n<p>El documental inicia con el agrupamiento de m\u00e1s de 220 guerrilleros y milicianos de los dos frentes guerrilleros que operaban en el Departamento del Cauca, en la Cordillera Central, e Ilustra las expectativas de comandantes y guerrilleros sobre la transici\u00f3n hacia la vida civil y las frustraciones, desilusiones e incertidumbre.<\/p>\n<p>Irene Velez, es filosofa y mag\u00edster en estudios culturales de la universidad nacional y Doctora (Ph.D.) en Geograf\u00eda Pol\u00edtica de la Universidad de Copenhague \u2013Dinamarca y docente de la Escuela de Ingenier\u00eda de los Recursos Naturales y del Ambiente \u2013 EIDENAR.<\/p>\n<p>El director del documental Sjoerd Vamn Grootheest es antrop\u00f3logo con estudios de maestr\u00eda en estudios culturales y visuales.<\/p>\n<p>El documental ha sido seleccionado para ser presentado en m\u00e1s de diez festivales internacionales de cine para ser presentado en los respectivos pa\u00edses organizadores.<\/p>\n<\/div>\n","protected":false},"excerpt":{"rendered":"<p>Agencia de Noticias Univalle El documental &#8216;Voces de guerrilla. Y la desmovilizaci\u00f3n del sexto Frente de las Farc \u2013Ep&#8217;, producto de un trabajo de investigaci\u00f3n del antrop\u00f3logo holand\u00e9s Sjoerd Vamn Grootheest y la profesora de la Universidad del Valle Irene V\u00e9lez, gan\u00f3 el premio al mejor Largometraje documental Nacional, en[&#8230;]<\/p>\n","protected":false},"author":1,"featured_media":20463,"comment_status":"open","ping_status":"open","sticky":false,"template":"","format":"standard","meta":{"footnotes":""},"categories":[4],"tags":[],"_links":{"self":[{"href":"https:\/\/emisora.univalle.edu.co\/index.php\/wp-json\/wp\/v2\/posts\/20462"}],"collection":[{"href":"https:\/\/emisora.univalle.edu.co\/index.php\/wp-json\/wp\/v2\/posts"}],"about":[{"href":"https:\/\/emisora.univalle.edu.co\/index.php\/wp-json\/wp\/v2\/types\/post"}],"author":[{"embeddable":true,"href":"https:\/\/emisora.univalle.edu.co\/index.php\/wp-json\/wp\/v2\/users\/1"}],"replies":[{"embeddable":true,"href":"https:\/\/emisora.univalle.edu.co\/index.php\/wp-json\/wp\/v2\/comments?post=20462"}],"version-history":[{"count":1,"href":"https:\/\/emisora.univalle.edu.co\/index.php\/wp-json\/wp\/v2\/posts\/20462\/revisions"}],"predecessor-version":[{"id":20464,"href":"https:\/\/emisora.univalle.edu.co\/index.php\/wp-json\/wp\/v2\/posts\/20462\/revisions\/20464"}],"wp:featuredmedia":[{"embeddable":true,"href":"https:\/\/emisora.univalle.edu.co\/index.php\/wp-json\/wp\/v2\/media\/20463"}],"wp:attachment":[{"href":"https:\/\/emisora.univalle.edu.co\/index.php\/wp-json\/wp\/v2\/media?parent=20462"}],"wp:term":[{"taxonomy":"category","embeddable":true,"href":"https:\/\/emisora.univalle.edu.co\/index.php\/wp-json\/wp\/v2\/categories?post=20462"},{"taxonomy":"post_tag","embeddable":true,"href":"https:\/\/emisora.univalle.edu.co\/index.php\/wp-json\/wp\/v2\/tags?post=20462"}],"curies":[{"name":"wp","href":"https:\/\/api.w.org\/{rel}","templated":true}]}}