{"id":20465,"date":"2018-08-21T15:15:29","date_gmt":"2018-08-21T20:15:29","guid":{"rendered":"https:\/\/emisora.univalle.edu.co\/?p=20465"},"modified":"2018-08-21T15:15:29","modified_gmt":"2018-08-21T20:15:29","slug":"libro-del-rector-varela-sera-presentado-en-bogota","status":"publish","type":"post","link":"https:\/\/emisora.univalle.edu.co\/index.php\/libro-del-rector-varela-sera-presentado-en-bogota\/","title":{"rendered":"Libro del rector Varela ser\u00e1 presentado en Bogot\u00e1"},"content":{"rendered":"<p><span class=\"authorPost\">Agencia de Noticias Univalle<\/span><\/p>\n<div class=\"itemFullText\">\n<p>El libro \u201cLa Hegemon\u00eda del Management: una genealog\u00eda del poder managerial\u201d, la m\u00e1s reciente publicaci\u00f3n de autor\u00eda del rector de la Universidad del Valle Edgar Varela Barrios, ser\u00e1 presentado en Bogot\u00e1, este mi\u00e9rcoles 22 de agosto, a las 2:00 pm, en el Auditorio Torre D\u00e9cimo Piso de la Universidad Sergio Arboleda.<\/p>\n<p>En su libro, el rector Varela Barrios analiza la expansi\u00f3n y las transformaciones del management, desde sus inicios modernos a comienzos del siglo pasado hasta constituirse, hoy , en un modelo hegem\u00f3nico de gobernanza de empresas, administraciones p\u00fablicas y de diversas esferas organizacionales y relacionales, en contextos derivados de la liberalizaci\u00f3n de pol\u00edticas y mercados, y de la globalizaci\u00f3n en todos los \u00f3rdenes de la vida p\u00fablica.<\/p>\n<p>La obra hace parte de varias publicaciones elaboradas, en los \u00faltimos a\u00f1os, por el profesor Edgar Varela Barrios referente a tem\u00e1ticas tratadas por el autor ante auditorios de Brasil, Espa\u00f1a, M\u00e9xico y Per\u00fa, entre otros.<\/p>\n<p>El libro fue publicado por la Editorial de la Universidad Sim\u00f3n Bol\u00edvar de Barranquilla y el lanzamiento es organizado por la Asociaci\u00f3n Colombiana de Facultades de Administraci\u00f3n &#8211; ASCOLFa, con el apoyo de la Universidad Sergio Arboleda.<\/p>\n<p>El rector Edgar Varela Barrios es licenciado en filosof\u00eda, mag\u00edster en historia andina de la Universidad del Valle y Doctor (Ph.D.) en Administraci\u00f3n de la Escuela de Altos Estudios Comerciales (HEC) de Montreal -Canad\u00e1. Profesor titular de la Facultad de Ciencias de la Administraci\u00f3n.<\/p>\n<\/div>\n","protected":false},"excerpt":{"rendered":"<p>Agencia de Noticias Univalle El libro \u201cLa Hegemon\u00eda del Management: una genealog\u00eda del poder managerial\u201d, la m\u00e1s reciente publicaci\u00f3n de autor\u00eda del rector de la Universidad del Valle Edgar Varela Barrios, ser\u00e1 presentado en Bogot\u00e1, este mi\u00e9rcoles 22 de agosto, a las 2:00 pm, en el Auditorio Torre D\u00e9cimo Piso[&#8230;]<\/p>\n","protected":false},"author":1,"featured_media":20466,"comment_status":"open","ping_status":"open","sticky":false,"template":"","format":"standard","meta":{"footnotes":""},"categories":[4],"tags":[],"_links":{"self":[{"href":"https:\/\/emisora.univalle.edu.co\/index.php\/wp-json\/wp\/v2\/posts\/20465"}],"collection":[{"href":"https:\/\/emisora.univalle.edu.co\/index.php\/wp-json\/wp\/v2\/posts"}],"about":[{"href":"https:\/\/emisora.univalle.edu.co\/index.php\/wp-json\/wp\/v2\/types\/post"}],"author":[{"embeddable":true,"href":"https:\/\/emisora.univalle.edu.co\/index.php\/wp-json\/wp\/v2\/users\/1"}],"replies":[{"embeddable":true,"href":"https:\/\/emisora.univalle.edu.co\/index.php\/wp-json\/wp\/v2\/comments?post=20465"}],"version-history":[{"count":1,"href":"https:\/\/emisora.univalle.edu.co\/index.php\/wp-json\/wp\/v2\/posts\/20465\/revisions"}],"predecessor-version":[{"id":20467,"href":"https:\/\/emisora.univalle.edu.co\/index.php\/wp-json\/wp\/v2\/posts\/20465\/revisions\/20467"}],"wp:featuredmedia":[{"embeddable":true,"href":"https:\/\/emisora.univalle.edu.co\/index.php\/wp-json\/wp\/v2\/media\/20466"}],"wp:attachment":[{"href":"https:\/\/emisora.univalle.edu.co\/index.php\/wp-json\/wp\/v2\/media?parent=20465"}],"wp:term":[{"taxonomy":"category","embeddable":true,"href":"https:\/\/emisora.univalle.edu.co\/index.php\/wp-json\/wp\/v2\/categories?post=20465"},{"taxonomy":"post_tag","embeddable":true,"href":"https:\/\/emisora.univalle.edu.co\/index.php\/wp-json\/wp\/v2\/tags?post=20465"}],"curies":[{"name":"wp","href":"https:\/\/api.w.org\/{rel}","templated":true}]}}