{"id":20468,"date":"2018-08-23T11:24:29","date_gmt":"2018-08-23T16:24:29","guid":{"rendered":"https:\/\/emisora.univalle.edu.co\/?p=20468"},"modified":"2018-08-23T11:24:29","modified_gmt":"2018-08-23T16:24:29","slug":"francisco-jose-de-caldas-de-la-pluma-al-canon","status":"publish","type":"post","link":"https:\/\/emisora.univalle.edu.co\/index.php\/francisco-jose-de-caldas-de-la-pluma-al-canon\/","title":{"rendered":"Francisco Jos\u00e9 de Caldas, de la pluma al ca\u00f1\u00f3n"},"content":{"rendered":"<p>Hasta el 28 de septiembre estar\u00e1 la Exposici\u00f3n permanente Francisco Jos\u00e9 de Caldas. De La Pluma Al Ca\u00f1\u00f3n, en la Biblioteca Mario Carvajal de la Universidad del Valle.<\/p>\n<p>Las Exposici\u00f3n hace parte de la programaci\u00f3n oficial del \u2018A\u00f1o Caldas\u2019 que busca conmemorar los 250 a\u00f1os del natalicio de Francisco Jos\u00e9 de Caldas, destacando su aporte a la ciencia, su ingenio, as\u00ed como su participaci\u00f3n en episodios sociales y pol\u00edticos de gran impacto en nuestro pa\u00eds.<\/p>\n<p>Francisco Jos\u00e9 de Caldas y Tenorio naci\u00f3 en Popay\u00e1n en octubre de 1768 y falleci\u00f3 en Santaf\u00e9 de Bogot\u00e1 el 29 de octubre de 1816. Fue un cient\u00edfico, ingeniero militar, ge\u00f3grafo, bi\u00f3logo, astr\u00f3nomo, naturalista, y periodista neogranadino, pr\u00f3cer de la independencia de Colombia. Por su erudici\u00f3n y vastos conocimientos sobre tantas disciplinas fue conocido entre sus contempor\u00e1neos como El Sabio, ep\u00edteto con el cual pas\u00f3 a la historia de Colombia.<\/p>\n<p>El evento es organizado por la Facultad de Humanidades y el \u00c1rea Cultural de la Divisi\u00f3n de Bibliotecas de la Universidad del Valle, en alianza con la Academia Colombiana de Ciencias Exactas F\u00edsicas y Naturales, la Organizaci\u00f3n para las Naciones Unidas para la Educaci\u00f3n la Ciencia y la Cultura y el Ministerio de Cultura de Colombia.<\/p>\n<p>El A\u00f1o Caldas cierra con el Congreso Internacional Ciencia y Naci\u00f3n, a 250 a\u00f1os del natalicio de Francisco Jos\u00e9 de Caldas, los d\u00edas 24, 25 y 26 de octubre de 2018, en Popay\u00e1n.<\/p>\n<p>La exposici\u00f3n est\u00e1 ubicada en el primer piso de la Biblioteca Mario Carvajal de la Universidad del Valle, sede Mel\u00e9ndez y estar\u00e1 abierta de lunes a viernes de 7:00 a.m. a 9:00 p.m. y los s\u00e1bados de 8:00 a.m. a 2:00 p.m&#8230; Entrada libre.<\/p>\n<p><a href=\"https:\/\/drive.google.com\/file\/d\/16pjYZWghfBVsiaSoBUSX44Unxnk6QPCK\/view\" target=\"_blank\" rel=\"noopener noreferrer\">Ver video<\/a><\/p>\n<p><strong>Informes:<\/strong>\u00a0\u00c1rea Cultural de la Divisi\u00f3n de Bibliotecas<\/p>\n<p>Tel. 321 2974<\/p>\n","protected":false},"excerpt":{"rendered":"<p>Hasta el 28 de septiembre estar\u00e1 la Exposici\u00f3n permanente Francisco Jos\u00e9 de Caldas. De La Pluma Al Ca\u00f1\u00f3n, en la Biblioteca Mario Carvajal de la Universidad del Valle. Las Exposici\u00f3n hace parte de la programaci\u00f3n oficial del \u2018A\u00f1o Caldas\u2019 que busca conmemorar los 250 a\u00f1os del natalicio de Francisco Jos\u00e9[&#8230;]<\/p>\n","protected":false},"author":1,"featured_media":20469,"comment_status":"open","ping_status":"open","sticky":false,"template":"","format":"standard","meta":{"footnotes":""},"categories":[4],"tags":[],"_links":{"self":[{"href":"https:\/\/emisora.univalle.edu.co\/index.php\/wp-json\/wp\/v2\/posts\/20468"}],"collection":[{"href":"https:\/\/emisora.univalle.edu.co\/index.php\/wp-json\/wp\/v2\/posts"}],"about":[{"href":"https:\/\/emisora.univalle.edu.co\/index.php\/wp-json\/wp\/v2\/types\/post"}],"author":[{"embeddable":true,"href":"https:\/\/emisora.univalle.edu.co\/index.php\/wp-json\/wp\/v2\/users\/1"}],"replies":[{"embeddable":true,"href":"https:\/\/emisora.univalle.edu.co\/index.php\/wp-json\/wp\/v2\/comments?post=20468"}],"version-history":[{"count":1,"href":"https:\/\/emisora.univalle.edu.co\/index.php\/wp-json\/wp\/v2\/posts\/20468\/revisions"}],"predecessor-version":[{"id":20470,"href":"https:\/\/emisora.univalle.edu.co\/index.php\/wp-json\/wp\/v2\/posts\/20468\/revisions\/20470"}],"wp:featuredmedia":[{"embeddable":true,"href":"https:\/\/emisora.univalle.edu.co\/index.php\/wp-json\/wp\/v2\/media\/20469"}],"wp:attachment":[{"href":"https:\/\/emisora.univalle.edu.co\/index.php\/wp-json\/wp\/v2\/media?parent=20468"}],"wp:term":[{"taxonomy":"category","embeddable":true,"href":"https:\/\/emisora.univalle.edu.co\/index.php\/wp-json\/wp\/v2\/categories?post=20468"},{"taxonomy":"post_tag","embeddable":true,"href":"https:\/\/emisora.univalle.edu.co\/index.php\/wp-json\/wp\/v2\/tags?post=20468"}],"curies":[{"name":"wp","href":"https:\/\/api.w.org\/{rel}","templated":true}]}}