{"id":20471,"date":"2018-08-23T11:25:19","date_gmt":"2018-08-23T16:25:19","guid":{"rendered":"https:\/\/emisora.univalle.edu.co\/?p=20471"},"modified":"2018-08-23T11:25:19","modified_gmt":"2018-08-23T16:25:19","slug":"escuela-internacional-de-verano-2018-una-ventana-al-pensamiento-global","status":"publish","type":"post","link":"https:\/\/emisora.univalle.edu.co\/index.php\/escuela-internacional-de-verano-2018-una-ventana-al-pensamiento-global\/","title":{"rendered":"Escuela Internacional de Verano 2018: Una ventana al pensamiento global"},"content":{"rendered":"<p><span class=\"authorPost\">Agencia de Noticias Univalle<\/span><\/p>\n<div class=\"itemFullText\">\n<p>Seis conferencistas internacionales de trayectoria acad\u00e9mica e investigativa fueron los invitados a los seminarios de la Escuela Internacional de Verano de la Facultad de Ciencias de la Administraci\u00f3n de la Universidad del Valle.<\/p>\n<p>El evento, realizado del 23 de julio al 03 de agosto, cont\u00f3 con la participaci\u00f3n de 754 asistentes, entre profesores, egresados y estudiantes de pregrado y posgrado, as\u00ed como profesionales de otras instituciones.<\/p>\n<p>En total, se realizaron 6 seminarios en \u00e1reas relacionadas con Pol\u00edticas P\u00fablicas, Negocios Internacionales, Marketing Estrat\u00e9gico, Econom\u00eda y, por primera vez, se ofreci\u00f3 un seminario enfocado en el \u00e1rea de contadur\u00eda y finanzas.<\/p>\n<p>Desde el 2012, la Facultad de Ciencias de la Administraci\u00f3n realiza la Escuela Internacional de Verano con la intenci\u00f3n de consolidar a la Universidad del Valle como una instituci\u00f3n de proyecci\u00f3n internacional para el desarrollo regional en investigaci\u00f3n, docencia y extensi\u00f3n, y permitir la generaci\u00f3n y fortalecimiento de las alianzas con otras universidades a nivel global.<\/p>\n<p>Para Sergio Ram\u00edrez Cacho, conferencista invitado de la Universidad de Colima (M\u00e9xico) el intercambio de este tipo experiencias es importante, porque \u201ca trav\u00e9s de los esquemas de cooperaci\u00f3n acad\u00e9mica entre la Universidad del Valle y la Universidad de Colima hemos logrado tener esta disposici\u00f3n y participaci\u00f3n que impulsa a los grupos de investigaci\u00f3n y estimula en los estudiantes el inter\u00e9s por hacer un intercambio acad\u00e9mico, continuar estudios de posgrado en el extranjero y por transmitir los conocimientos por fuera de las aulas\u201d, afirm\u00f3 el catedr\u00e1tico.<\/p>\n<p>Entretanto, el profesor Rub\u00e9n Dar\u00edo Echeverri, decano de la Facultad de Ciencias de la Administraci\u00f3n de Univalle, destac\u00f3 que los seminarios de la Escuela Internacional de Verano representaron una gran oportunidad para los profesionales, ya que les permiti\u00f3 \u201cactualizar temas de gran impacto por su obligatoriedad y demanda para las empresas\u201d.<\/p>\n<p>\u201cEl seminario es el inicio de un nuevo proceso de aprendizaje que continuar\u00e1 con la consulta de libros, la asistencia a nuevos talleres y las ganas de implementar lo aprendido en el entorno acad\u00e9mico y profesional de cada uno de los estudiantes\u201d, recalc\u00f3 \u00d3scar Garc\u00eda Pa\u00f1ella, conferencista invitado de la Universidad de Barcelona (Espa\u00f1a).<\/p>\n<p>La Facultad de Ciencias de la Administraci\u00f3n agradeci\u00f3 su participaci\u00f3n a los asistentes de la Escuela Internacional de Verano 2018 y los invit\u00f3 a seguir haciendo parte de las pr\u00f3ximas versiones, en las que se continuar\u00e1 consolidando a la Universidad del Valle como l\u00edder de la regi\u00f3n en actividades formativas de extensi\u00f3n para la comunidad.<\/p>\n<\/div>\n","protected":false},"excerpt":{"rendered":"<p>Agencia de Noticias Univalle Seis conferencistas internacionales de trayectoria acad\u00e9mica e investigativa fueron los invitados a los seminarios de la Escuela Internacional de Verano de la Facultad de Ciencias de la Administraci\u00f3n de la Universidad del Valle. El evento, realizado del 23 de julio al 03 de agosto, cont\u00f3 con[&#8230;]<\/p>\n","protected":false},"author":1,"featured_media":20472,"comment_status":"open","ping_status":"open","sticky":false,"template":"","format":"standard","meta":{"footnotes":""},"categories":[4],"tags":[],"_links":{"self":[{"href":"https:\/\/emisora.univalle.edu.co\/index.php\/wp-json\/wp\/v2\/posts\/20471"}],"collection":[{"href":"https:\/\/emisora.univalle.edu.co\/index.php\/wp-json\/wp\/v2\/posts"}],"about":[{"href":"https:\/\/emisora.univalle.edu.co\/index.php\/wp-json\/wp\/v2\/types\/post"}],"author":[{"embeddable":true,"href":"https:\/\/emisora.univalle.edu.co\/index.php\/wp-json\/wp\/v2\/users\/1"}],"replies":[{"embeddable":true,"href":"https:\/\/emisora.univalle.edu.co\/index.php\/wp-json\/wp\/v2\/comments?post=20471"}],"version-history":[{"count":1,"href":"https:\/\/emisora.univalle.edu.co\/index.php\/wp-json\/wp\/v2\/posts\/20471\/revisions"}],"predecessor-version":[{"id":20473,"href":"https:\/\/emisora.univalle.edu.co\/index.php\/wp-json\/wp\/v2\/posts\/20471\/revisions\/20473"}],"wp:featuredmedia":[{"embeddable":true,"href":"https:\/\/emisora.univalle.edu.co\/index.php\/wp-json\/wp\/v2\/media\/20472"}],"wp:attachment":[{"href":"https:\/\/emisora.univalle.edu.co\/index.php\/wp-json\/wp\/v2\/media?parent=20471"}],"wp:term":[{"taxonomy":"category","embeddable":true,"href":"https:\/\/emisora.univalle.edu.co\/index.php\/wp-json\/wp\/v2\/categories?post=20471"},{"taxonomy":"post_tag","embeddable":true,"href":"https:\/\/emisora.univalle.edu.co\/index.php\/wp-json\/wp\/v2\/tags?post=20471"}],"curies":[{"name":"wp","href":"https:\/\/api.w.org\/{rel}","templated":true}]}}