{"id":20504,"date":"2018-08-29T09:48:47","date_gmt":"2018-08-29T14:48:47","guid":{"rendered":"https:\/\/emisora.univalle.edu.co\/?p=20504"},"modified":"2018-08-29T09:48:47","modified_gmt":"2018-08-29T14:48:47","slug":"universidad-saludable-en-la-sede-buga","status":"publish","type":"post","link":"https:\/\/emisora.univalle.edu.co\/index.php\/universidad-saludable-en-la-sede-buga\/","title":{"rendered":"Universidad Saludable en la Sede Buga"},"content":{"rendered":"<p><span class=\"authorPost\">Agencia de Noticias Univalle<\/span><\/p>\n<div class=\"itemFullText\">\n<p dir=\"ltr\">El Programa Universidad Saludable, Discapacidad y Deporte &#8211; USDD de la Universidad del Valle invita al evento \u201cResignificando V\u00ednculos por un Entorno Saludable, Responsable, Inclusivo y Diverso\u201d que se llevar\u00e1 a cabo los d\u00edas mi\u00e9rcoles 5 y jueves 6 de septiembre en la Sede Buga.<\/p>\n<p dir=\"ltr\">Este programa, adscrito a la Vicerrector\u00eda de Bienestar Universitario que trabaja en el fortalecimiento de entornos saludables y la creaci\u00f3n de una cultura del cuidado de la salud, hace parte del Plan estrat\u00e9gico de Desarrollo 2015-2025, cuyo eje se centra en la formaci\u00f3n integral basada en el estudiante.<\/p>\n<p dir=\"ltr\">El evento busca fortalecer la Universidad del Valle como una universidad saludable en \u00e1reas de conocimiento que se constituyen en sus ejes transversales: Promoci\u00f3n de la salud y el significado de los entornos saludables, salud mental, salud f\u00edsica y sexualidad humana, salud social, salud ambiental, \u00a0discapacidad y deporte.<\/p>\n<p dir=\"ltr\">En la capacitaci\u00f3n podr\u00e1n participar docentes, funcionarios administrativos, profesionales de la salud (enfermer\u00eda, trabajo social, psicolog\u00eda u otros), l\u00edderes o representantes estudiantiles, entre otros miembros de la comunidad universitaria.<\/p>\n<p dir=\"ltr\"><span id=\"m_2107251246597402042gmail-m_8549213713530149093m_5158436939650382083gmail-docs-internal-guid-39268feb-7fff-53d1-f045-78edc09569da\">El evento Resignificando V\u00ednculos por un Entorno Saludable, Responsable, Inclusivo y Diverso\u00a0<\/span>es desarrollado por el Proyecto Universidad Saludable, en articulaci\u00f3n con los programas de Discapacidad e Inclusi\u00f3n y Universidad Activa, el Proyecto Fortalecimiento de la Perspectiva de G\u00e9nero, Pluralidad y Diversidad; el Sistema de Gesti\u00f3n Ambiental de la Universidad del Valle, y con el apoyo del docente de la Escuela de Trabajo Social y Desarrollo Humano, Jes\u00fas S\u00e1nchez.<\/p>\n<p dir=\"ltr\">Formulario de inscripci\u00f3n:\u00a0<a href=\"https:\/\/bit.ly\/2odyIJ5\" target=\"_blank\" rel=\"noopener noreferrer\" data-saferedirecturl=\"https:\/\/www.google.com\/url?hl=es&amp;q=https:\/\/bit.ly\/2odyIJ5&amp;source=gmail&amp;ust=1535639425416000&amp;usg=AFQjCNGVqhwNOZA0JBsf8bwL_ja49AqjNQ\">https:\/\/bit.ly\/2odyIJ5<\/a><\/p>\n<\/div>\n","protected":false},"excerpt":{"rendered":"<p>Agencia de Noticias Univalle El Programa Universidad Saludable, Discapacidad y Deporte &#8211; USDD de la Universidad del Valle invita al evento \u201cResignificando V\u00ednculos por un Entorno Saludable, Responsable, Inclusivo y Diverso\u201d que se llevar\u00e1 a cabo los d\u00edas mi\u00e9rcoles 5 y jueves 6 de septiembre en la Sede Buga. Este[&#8230;]<\/p>\n","protected":false},"author":1,"featured_media":20505,"comment_status":"open","ping_status":"open","sticky":false,"template":"","format":"standard","meta":{"footnotes":""},"categories":[4],"tags":[],"_links":{"self":[{"href":"https:\/\/emisora.univalle.edu.co\/index.php\/wp-json\/wp\/v2\/posts\/20504"}],"collection":[{"href":"https:\/\/emisora.univalle.edu.co\/index.php\/wp-json\/wp\/v2\/posts"}],"about":[{"href":"https:\/\/emisora.univalle.edu.co\/index.php\/wp-json\/wp\/v2\/types\/post"}],"author":[{"embeddable":true,"href":"https:\/\/emisora.univalle.edu.co\/index.php\/wp-json\/wp\/v2\/users\/1"}],"replies":[{"embeddable":true,"href":"https:\/\/emisora.univalle.edu.co\/index.php\/wp-json\/wp\/v2\/comments?post=20504"}],"version-history":[{"count":1,"href":"https:\/\/emisora.univalle.edu.co\/index.php\/wp-json\/wp\/v2\/posts\/20504\/revisions"}],"predecessor-version":[{"id":20506,"href":"https:\/\/emisora.univalle.edu.co\/index.php\/wp-json\/wp\/v2\/posts\/20504\/revisions\/20506"}],"wp:featuredmedia":[{"embeddable":true,"href":"https:\/\/emisora.univalle.edu.co\/index.php\/wp-json\/wp\/v2\/media\/20505"}],"wp:attachment":[{"href":"https:\/\/emisora.univalle.edu.co\/index.php\/wp-json\/wp\/v2\/media?parent=20504"}],"wp:term":[{"taxonomy":"category","embeddable":true,"href":"https:\/\/emisora.univalle.edu.co\/index.php\/wp-json\/wp\/v2\/categories?post=20504"},{"taxonomy":"post_tag","embeddable":true,"href":"https:\/\/emisora.univalle.edu.co\/index.php\/wp-json\/wp\/v2\/tags?post=20504"}],"curies":[{"name":"wp","href":"https:\/\/api.w.org\/{rel}","templated":true}]}}