{"id":20511,"date":"2018-09-03T15:09:39","date_gmt":"2018-09-03T20:09:39","guid":{"rendered":"https:\/\/emisora.univalle.edu.co\/?p=20511"},"modified":"2018-09-03T15:09:39","modified_gmt":"2018-09-03T20:09:39","slug":"escuela-de-comunicacion-social-de-univalle-abre-maestria-en-culturas-audiovisuales","status":"publish","type":"post","link":"https:\/\/emisora.univalle.edu.co\/index.php\/escuela-de-comunicacion-social-de-univalle-abre-maestria-en-culturas-audiovisuales\/","title":{"rendered":"Escuela de Comunicaci\u00f3n Social de Univalle abre Maestr\u00eda en Culturas Audiovisuales"},"content":{"rendered":"<p><span class=\"authorPost\">Agencia de Noticias Univalle<\/span><\/p>\n<div class=\"itemFullText\">\n<p>La Escuela de Comunicaci\u00f3n Social de la Universidad del Valle present\u00f3 ante la comunidad su nuevo programa de Maestr\u00eda en Culturas Audiovisuales. Esta oferta de posgrado nace como un espacio acad\u00e9mico para la investigaci\u00f3n y el fomento de la creaci\u00f3n de obras audiovisuales.<\/p>\n<p>Las Culturas Audiovisuales corresponden a una manera de entender que los lenguajes, las escrituras y las producciones audiovisuales se han constituido en el orden contempor\u00e1neo en un factor decisivo en la construcci\u00f3n y la transformaci\u00f3n de nuestras maneras de ver el mundo, de aprender, de reconocernos y de forjar relaciones sociales.<\/p>\n<p>Durante la presentaci\u00f3n, realizada este jueves 30, los directivos del nuevo programa destacaron que la primera cohorte comenzar\u00e1 en el febrero de 2019. Esta cohorte tendr\u00e1 como eje de reflexi\u00f3n y creaci\u00f3n los Documentalismos, los cuales se entienden como las distintas maneras en que nos relacionamos con lo real a trav\u00e9s de la producci\u00f3n audiovisual.<\/p>\n<p>La Maestr\u00eda se ofrecer\u00e1 en dos modalidades. La modalidad de Investigaci\u00f3n ser\u00e1 un espacio donde se formulen problemas en torno a lo audiovisual y a las escrituras audiovisuales como productos que inciden en el cambio cultural. La modalidad de Profundizaci\u00f3n promover\u00e1 la formulaci\u00f3n de proyectos conducentes a la producci\u00f3n de obras que contribuyan a la diversificaci\u00f3n de las culturas audiovisuales.<\/p>\n<p>Durante la presentaci\u00f3n los profesores resaltaron que el nuevo programa acad\u00e9mico refleja los m\u00e1s de 40 a\u00f1os de trayectoria de la Escuela de Comunicaci\u00f3n Social en materia de investigaci\u00f3n, producci\u00f3n y realizaci\u00f3n audiovisual. Adicionalmente, indicaron que la Maestr\u00eda en Culturas Audiovisuales se consolida como la \u00fanica oferta de educaci\u00f3n posgradual en este campo en la regi\u00f3n del Valle del Cauca.<\/p>\n<p>En el acto se anunci\u00f3 la participaci\u00f3n de los docentes de la Escuela de Comunicaci\u00f3n Social y de destacados investigadores, productores y realizadores nacionales e internacionales. Entre los docentes visitantes se contar\u00e1, entre otros, con Jorge La Ferla (Argentina), Catalina Villar (Francia), Marta Andreu (Espa\u00f1a) y Antonio Weinrichter (Espa\u00f1a).<\/p>\n<p>Durante el evento se present\u00f3 una versi\u00f3n preliminar del documental La Intromisi\u00f3n, del cineasta y profesor de la Maestr\u00eda Oscar Campo. Su nuevo trabajo retrata la problem\u00e1tica de una comunidad Wounan que fue trasladada de las orillas del R\u00edo San Juan, en medio del rodaje de la pel\u00edcula La Misi\u00f3n en el a\u00f1o 85. El proyecto de este documental se inici\u00f3 en 1991. Sin embargo, por razones pol\u00edticas s\u00f3lo hasta este a\u00f1o, gracias al apoyo de la Vicerrectoria de Investigaciones de la Universidad del Valle, podr\u00e1 terminarse.<\/p>\n<p>M\u00e1s informaci\u00f3n sobre la Maestr\u00eda en Culturas Audiovisuales:<\/p>\n<p><a href=\"http:\/\/dipfai.univalle.edu.co\/culturas-audiovisuales\">http:\/\/dipfai.univalle.edu.co\/culturas-audiovisuales<\/a><br \/>\nEdificio D6, Piso 5, Campus Mel\u00e9ndez.<br \/>\nTel. +57 (2) 321 2123<br \/>\n<span id=\"cloake5f903c9527338441d07761cdb58cf6c\"><a href=\"mailto:maestria.culturasaudiovisuales@correounivalle.edu.co\">maestria.culturasaudiovisuales@correounivalle.edu.co<\/a><\/span><\/p>\n<\/div>\n","protected":false},"excerpt":{"rendered":"<p>Agencia de Noticias Univalle La Escuela de Comunicaci\u00f3n Social de la Universidad del Valle present\u00f3 ante la comunidad su nuevo programa de Maestr\u00eda en Culturas Audiovisuales. Esta oferta de posgrado nace como un espacio acad\u00e9mico para la investigaci\u00f3n y el fomento de la creaci\u00f3n de obras audiovisuales. Las Culturas Audiovisuales[&#8230;]<\/p>\n","protected":false},"author":1,"featured_media":20512,"comment_status":"open","ping_status":"open","sticky":false,"template":"","format":"standard","meta":{"footnotes":""},"categories":[4],"tags":[],"_links":{"self":[{"href":"https:\/\/emisora.univalle.edu.co\/index.php\/wp-json\/wp\/v2\/posts\/20511"}],"collection":[{"href":"https:\/\/emisora.univalle.edu.co\/index.php\/wp-json\/wp\/v2\/posts"}],"about":[{"href":"https:\/\/emisora.univalle.edu.co\/index.php\/wp-json\/wp\/v2\/types\/post"}],"author":[{"embeddable":true,"href":"https:\/\/emisora.univalle.edu.co\/index.php\/wp-json\/wp\/v2\/users\/1"}],"replies":[{"embeddable":true,"href":"https:\/\/emisora.univalle.edu.co\/index.php\/wp-json\/wp\/v2\/comments?post=20511"}],"version-history":[{"count":1,"href":"https:\/\/emisora.univalle.edu.co\/index.php\/wp-json\/wp\/v2\/posts\/20511\/revisions"}],"predecessor-version":[{"id":20513,"href":"https:\/\/emisora.univalle.edu.co\/index.php\/wp-json\/wp\/v2\/posts\/20511\/revisions\/20513"}],"wp:featuredmedia":[{"embeddable":true,"href":"https:\/\/emisora.univalle.edu.co\/index.php\/wp-json\/wp\/v2\/media\/20512"}],"wp:attachment":[{"href":"https:\/\/emisora.univalle.edu.co\/index.php\/wp-json\/wp\/v2\/media?parent=20511"}],"wp:term":[{"taxonomy":"category","embeddable":true,"href":"https:\/\/emisora.univalle.edu.co\/index.php\/wp-json\/wp\/v2\/categories?post=20511"},{"taxonomy":"post_tag","embeddable":true,"href":"https:\/\/emisora.univalle.edu.co\/index.php\/wp-json\/wp\/v2\/tags?post=20511"}],"curies":[{"name":"wp","href":"https:\/\/api.w.org\/{rel}","templated":true}]}}