{"id":20520,"date":"2018-09-07T14:58:17","date_gmt":"2018-09-07T19:58:17","guid":{"rendered":"https:\/\/emisora.univalle.edu.co\/?p=20520"},"modified":"2018-09-07T14:58:17","modified_gmt":"2018-09-07T19:58:17","slug":"jornada-de-empleabilidad-2018","status":"publish","type":"post","link":"https:\/\/emisora.univalle.edu.co\/index.php\/jornada-de-empleabilidad-2018\/","title":{"rendered":"Jornada de Empleabilidad 2018"},"content":{"rendered":"<p><span class=\"authorPost\">Agencia de Noticias Univalle<\/span><\/p>\n<div class=\"itemFullText\">\n<p>La Universidad del Valle lleva a cabo la tercera vesi\u00f3n de la &#8216;Jornada de Empleabilidad&#8217;, un evento liderado por la Vicerrectoria Acad\u00e9mica, a trav\u00e9s de la Direcci\u00f3n de Extensi\u00f3n y Educaci\u00f3n Continua y su Programa Institucional de Egresados.<\/p>\n<p>Desde el a\u00f1o 2016, la &#8216;Jornada de Empleabilidad Universidad del Valle&#8217; se ha consolidado como un espacio ideal para la promoci\u00f3n de perfiles profesionales, la identificaci\u00f3n de oferta de vacantes laborales y de pr\u00e1cticas para estudiantes. Con m\u00e1s de 40 empresas participantes y el desarrollo de capacitaciones relacionadas con la inserci\u00f3n laboral, es un verdadero escenario para que egresados y estudiantes de la Universidad, se articulen con el entorno empresarial.<\/p>\n<p>La III Versi\u00f3n de la Jornada de Empleabilidad de la Universidad del Valle se realizar\u00e1 el pr\u00f3ximo 28 de septiembre, de 10:00 a.m. a 8:00 p.m. en el Coliseo Alberto Le\u00f3n Betancur del Campus de Mel\u00e9ndez. Entrada Libre.<\/p>\n<\/div>\n","protected":false},"excerpt":{"rendered":"<p>Agencia de Noticias Univalle La Universidad del Valle lleva a cabo la tercera vesi\u00f3n de la &#8216;Jornada de Empleabilidad&#8217;, un evento liderado por la Vicerrectoria Acad\u00e9mica, a trav\u00e9s de la Direcci\u00f3n de Extensi\u00f3n y Educaci\u00f3n Continua y su Programa Institucional de Egresados. Desde el a\u00f1o 2016, la &#8216;Jornada de Empleabilidad[&#8230;]<\/p>\n","protected":false},"author":1,"featured_media":20521,"comment_status":"open","ping_status":"open","sticky":false,"template":"","format":"standard","meta":{"footnotes":""},"categories":[4],"tags":[],"_links":{"self":[{"href":"https:\/\/emisora.univalle.edu.co\/index.php\/wp-json\/wp\/v2\/posts\/20520"}],"collection":[{"href":"https:\/\/emisora.univalle.edu.co\/index.php\/wp-json\/wp\/v2\/posts"}],"about":[{"href":"https:\/\/emisora.univalle.edu.co\/index.php\/wp-json\/wp\/v2\/types\/post"}],"author":[{"embeddable":true,"href":"https:\/\/emisora.univalle.edu.co\/index.php\/wp-json\/wp\/v2\/users\/1"}],"replies":[{"embeddable":true,"href":"https:\/\/emisora.univalle.edu.co\/index.php\/wp-json\/wp\/v2\/comments?post=20520"}],"version-history":[{"count":1,"href":"https:\/\/emisora.univalle.edu.co\/index.php\/wp-json\/wp\/v2\/posts\/20520\/revisions"}],"predecessor-version":[{"id":20522,"href":"https:\/\/emisora.univalle.edu.co\/index.php\/wp-json\/wp\/v2\/posts\/20520\/revisions\/20522"}],"wp:featuredmedia":[{"embeddable":true,"href":"https:\/\/emisora.univalle.edu.co\/index.php\/wp-json\/wp\/v2\/media\/20521"}],"wp:attachment":[{"href":"https:\/\/emisora.univalle.edu.co\/index.php\/wp-json\/wp\/v2\/media?parent=20520"}],"wp:term":[{"taxonomy":"category","embeddable":true,"href":"https:\/\/emisora.univalle.edu.co\/index.php\/wp-json\/wp\/v2\/categories?post=20520"},{"taxonomy":"post_tag","embeddable":true,"href":"https:\/\/emisora.univalle.edu.co\/index.php\/wp-json\/wp\/v2\/tags?post=20520"}],"curies":[{"name":"wp","href":"https:\/\/api.w.org\/{rel}","templated":true}]}}