{"id":20526,"date":"2018-09-07T15:00:44","date_gmt":"2018-09-07T20:00:44","guid":{"rendered":"https:\/\/emisora.univalle.edu.co\/?p=20526"},"modified":"2018-09-07T15:00:44","modified_gmt":"2018-09-07T20:00:44","slug":"aquellos-dos-teatro-brasilero-en-univalle","status":"publish","type":"post","link":"https:\/\/emisora.univalle.edu.co\/index.php\/aquellos-dos-teatro-brasilero-en-univalle\/","title":{"rendered":"Aquellos dos, teatro brasilero en Univalle"},"content":{"rendered":"<p><span class=\"authorPost\">Agencia de Noticias Univalle<\/span><\/p>\n<div class=\"itemFullText\">\n<p>El espect\u00e1culo teatral Aquello dos, una creaci\u00f3n colectiva del grupo brasile\u00f1o Luna Lunera, ser\u00e1 representado en la Sala de Teatro Univalle, dentro de la programaci\u00f3n del Festival Br\u00fajula la Sur, los d\u00edas viernes 7 y s\u00e1bado 8 de septiembre a las 5:30 p.m.<\/p>\n<p>Aquellos dos se desarrolla en la rutina de un \u201cMinisterio\u201d (met\u00e1fora implementada para referirse a cualquier ambiente inh\u00f3spito y burocr\u00e1tico de trabajo), en el cual, surgen ciertos lazos de complicidad entre Ra\u00fal y Sa\u00fal, dos de sus nuevos funcionarios. La relaci\u00f3n se hace posible debido a que en un desierto de almas, tambi\u00e9n desiertas, un alma especial reconoce de inmediato la otra. Sin embargo, esa relaci\u00f3n acabar\u00e1 produciendo conflictos e incomodidades entre los otros colegas del Ministerio.<\/p>\n<p>El espect\u00e1culo Aquellos dos fue creado a partir del cuento hom\u00f3nimo del escritor brasile\u00f1o Caio Fernando Abreu (1948-1996), publicado en el libro Morangos Mofados, que forma parte de \u201cLos Cien Mejores Cuentos Brasile\u00f1os del Siglo XX. En esta obra los actores se alternan los papeles de Ra\u00fal y Sa\u00fal, narran los hechos, sugieren a los otros personajes del \u201cMinisterio\u201d e insertan sus propias referencias y lecturas al texto de Caio.<\/p>\n<p>Este espect\u00e1culo hace parte de la programaci\u00f3n del Festival Br\u00fajula del Sur, que se ha caracterizado por promover la presencia en Cali de agrupaciones teatrales nacionales e internacionales con tendencias contempor\u00e1neas. Desde el 2016 ha establecido con el Departamento de Artes Esc\u00e9nicas una alianza para ampliar el impacto de su programaci\u00f3n. La presentaci\u00f3n es posible gracias al apoyo de la Vicerrector\u00eda de Bienestar Estudiantil y la Facultad de Artes Integradas.<\/p>\n<p><strong>Fecha:<\/strong>\u00a0Viernes y s\u00e1bado, 7 y 8 de septiembre 2018.<\/p>\n<p><strong>Lugar:<\/strong>\u00a0Sala de Teatro Univalle (Auditorio 4)-Campus Universitario Mel\u00e9ndez<\/p>\n<p><strong>Hora:<\/strong>\u00a05:30 p.m.<\/p>\n<p><strong>Informes:<\/strong>\u00a0http:\/\/escenicas.univalle.edu.co\/<\/p>\n<\/div>\n","protected":false},"excerpt":{"rendered":"<p>Agencia de Noticias Univalle El espect\u00e1culo teatral Aquello dos, una creaci\u00f3n colectiva del grupo brasile\u00f1o Luna Lunera, ser\u00e1 representado en la Sala de Teatro Univalle, dentro de la programaci\u00f3n del Festival Br\u00fajula la Sur, los d\u00edas viernes 7 y s\u00e1bado 8 de septiembre a las 5:30 p.m. Aquellos dos se[&#8230;]<\/p>\n","protected":false},"author":1,"featured_media":20527,"comment_status":"open","ping_status":"open","sticky":false,"template":"","format":"standard","meta":{"footnotes":""},"categories":[4],"tags":[],"_links":{"self":[{"href":"https:\/\/emisora.univalle.edu.co\/index.php\/wp-json\/wp\/v2\/posts\/20526"}],"collection":[{"href":"https:\/\/emisora.univalle.edu.co\/index.php\/wp-json\/wp\/v2\/posts"}],"about":[{"href":"https:\/\/emisora.univalle.edu.co\/index.php\/wp-json\/wp\/v2\/types\/post"}],"author":[{"embeddable":true,"href":"https:\/\/emisora.univalle.edu.co\/index.php\/wp-json\/wp\/v2\/users\/1"}],"replies":[{"embeddable":true,"href":"https:\/\/emisora.univalle.edu.co\/index.php\/wp-json\/wp\/v2\/comments?post=20526"}],"version-history":[{"count":1,"href":"https:\/\/emisora.univalle.edu.co\/index.php\/wp-json\/wp\/v2\/posts\/20526\/revisions"}],"predecessor-version":[{"id":20528,"href":"https:\/\/emisora.univalle.edu.co\/index.php\/wp-json\/wp\/v2\/posts\/20526\/revisions\/20528"}],"wp:featuredmedia":[{"embeddable":true,"href":"https:\/\/emisora.univalle.edu.co\/index.php\/wp-json\/wp\/v2\/media\/20527"}],"wp:attachment":[{"href":"https:\/\/emisora.univalle.edu.co\/index.php\/wp-json\/wp\/v2\/media?parent=20526"}],"wp:term":[{"taxonomy":"category","embeddable":true,"href":"https:\/\/emisora.univalle.edu.co\/index.php\/wp-json\/wp\/v2\/categories?post=20526"},{"taxonomy":"post_tag","embeddable":true,"href":"https:\/\/emisora.univalle.edu.co\/index.php\/wp-json\/wp\/v2\/tags?post=20526"}],"curies":[{"name":"wp","href":"https:\/\/api.w.org\/{rel}","templated":true}]}}