{"id":20535,"date":"2018-09-11T15:33:12","date_gmt":"2018-09-11T20:33:12","guid":{"rendered":"https:\/\/emisora.univalle.edu.co\/?p=20535"},"modified":"2018-09-11T15:33:12","modified_gmt":"2018-09-11T20:33:12","slug":"universidad-eafit-presenta-libro-del-rector-edgar-varela","status":"publish","type":"post","link":"https:\/\/emisora.univalle.edu.co\/index.php\/universidad-eafit-presenta-libro-del-rector-edgar-varela\/","title":{"rendered":"Universidad Eafit presenta libro del rector Edgar Varela"},"content":{"rendered":"<p><span class=\"authorPost\">Agencia de Noticias Univalle<\/span><\/p>\n<div class=\"itemFullText\">\n<p>Un equipo de especialistas en estudios organizacionales y en administraci\u00f3n, pertenecientes a la Universidad Eafit de Medell\u00edn realiz\u00f3 un amplio conversatorio sobre el libro \u201cLa Hegemon\u00eda del Management: una genealog\u00eda del poder managerial\u201d del profesor Edgar Varela Barrios, rector de Univalle, en acto cumplido en la sede principal de esa instituci\u00f3n en la ciudad de Medell\u00edn.<\/p>\n<p>El managerialismo como caracter\u00edstica de la administraci\u00f3n y de la vida modernas, la automatizaci\u00f3n y sus impactos presentes y futuros en el empleo, la urgencia de conformar m\u00e9todos propios de administrar en Latinoam\u00e9rica y los profundos cambios que en la actualidad se presentan en las l\u00f3gicas organizacionales y en sus epistemes, fueron algunos de los temas abordados durante el conversatorio.<\/p>\n<p>Durante la presentaci\u00f3n de la obra, el profesor Varela Barrios record\u00f3 que durante varios a\u00f1os fue docente de los posgrados de la Eafit aportando una visi\u00f3n sobre la administraci\u00f3n y las organizaciones desde las ciencias pol\u00edticas y la filosof\u00eda. Muchos de los asistentes al evento han sido disc\u00edpulos del actual rector de Univalle en su formaci\u00f3n posgradual.<\/p>\n<p>Participaron en el conversatorio, junto con el rector Varela, doctor en administraci\u00f3n de la Universidad de Montreal, Canad\u00e1, los profesores Rodrigo Mu\u00f1oz Grisales, doctor en filosof\u00eda de la Universidad Bolivariana de Medell\u00edn; Francisco L\u00f3pez Gallego, doctor en Administraci\u00f3n de la Universidad Ram\u00f3n Llull de Barcelona y Diego Gonz\u00e1lez Miranda, doctor en estudios organizacionales de la UAM de M\u00e9xico y doctor en administraci\u00f3n de la Universidad Eafit, de Colombia. Como moderador particip\u00f3 el abogado y columnista Oscar L\u00f3pez Pulecio, asesor de la rector\u00eda de la Universidad del Valle.<\/p>\n<p>Docentes y directivos de varias universidades colombianas asistieron al evento junto a un nutrido grupo de especialistas en temas de organizaci\u00f3n convocados por la Asociaci\u00f3n Colombiana de Facultades de Administraci\u00f3n de Empresas, ASCOLFA, que preside el profesor Rub\u00e9n Dar\u00edo Echeverry Romero, Decano de la Facultad de Ciencias de la Administraci\u00f3n de Univalle.<\/p>\n<p>En su libro, el rector Varela Barrios analiza la expansi\u00f3n y las transformaciones del management, desde sus inicios modernos a comienzos del siglo pasado, hasta constituirse hoy en un modelo hegem\u00f3nico de gobernanza de empresas, administraciones p\u00fablicas y de diversas esferas organizacionales y relacionales, en contextos derivados de la liberalizaci\u00f3n de pol\u00edticas y mercados, y de la globalizaci\u00f3n en todos los \u00f3rdenes de la vida p\u00fablica.<\/p>\n<p>La obra hace parte de varias publicaciones elaboradas en los \u00faltimos a\u00f1os por el profesor Edgar Varela Barrios, cuyas tem\u00e1ticas han sido tratadas por el autor ante auditorios de pa\u00edses como Brasil, Espa\u00f1a, M\u00e9xico y Per\u00fa, entre otros.<\/p>\n<p>El profesor Edgar Varela Barrios es, adem\u00e1s, Mag\u00edster en Historia Andina y Licenciado en Filosof\u00eda de la Universidad del Valle. Desde hace 23 a\u00f1os se desempe\u00f1a como investigador y profesor titular de la Facultad de Ciencias de la Administraci\u00f3n de la Universidad del Valle en cursos de doctorado, maestr\u00edas y pregrado en c\u00e1tedras como: doctrinas pol\u00edticas; administraci\u00f3n de lo p\u00fablico y lo privado, y teor\u00eda organizacional. teor\u00eda pol\u00edtica, sociolog\u00eda de la empresa, estudios interdisciplinarios de la organizaci\u00f3n, seminarios de administraci\u00f3n p\u00fablica, epistemolog\u00eda, trabajo, sociedad y management, y gerencia p\u00fablica.<\/p>\n<p>Rector de la Universidad del Valle desde noviembre de 2015, es el actual presidente del Grupo Latinoamericano por la Administraci\u00f3n P\u00fablica \u2013GLAP- que hace parte del Instituto Internacional de Ciencias Administrativas con sede en Ginebra, Suiza y miembro de la Junta Directiva de ICETEX nacional.<\/p>\n<p>Como investigador ha contribuido a que la Universidad del Valle haga parte de redes de investigaci\u00f3n nacionales e internacionales, para la gesti\u00f3n y transferencia de conocimiento, especialmente en pol\u00edticas p\u00fablicas y management (t\u00e9cnica de direcci\u00f3n y gesti\u00f3n de empresas).<\/p>\n<\/div>\n","protected":false},"excerpt":{"rendered":"<p>Agencia de Noticias Univalle Un equipo de especialistas en estudios organizacionales y en administraci\u00f3n, pertenecientes a la Universidad Eafit de Medell\u00edn realiz\u00f3 un amplio conversatorio sobre el libro \u201cLa Hegemon\u00eda del Management: una genealog\u00eda del poder managerial\u201d del profesor Edgar Varela Barrios, rector de Univalle, en acto cumplido en la[&#8230;]<\/p>\n","protected":false},"author":1,"featured_media":20536,"comment_status":"open","ping_status":"open","sticky":false,"template":"","format":"standard","meta":{"footnotes":""},"categories":[4],"tags":[],"_links":{"self":[{"href":"https:\/\/emisora.univalle.edu.co\/index.php\/wp-json\/wp\/v2\/posts\/20535"}],"collection":[{"href":"https:\/\/emisora.univalle.edu.co\/index.php\/wp-json\/wp\/v2\/posts"}],"about":[{"href":"https:\/\/emisora.univalle.edu.co\/index.php\/wp-json\/wp\/v2\/types\/post"}],"author":[{"embeddable":true,"href":"https:\/\/emisora.univalle.edu.co\/index.php\/wp-json\/wp\/v2\/users\/1"}],"replies":[{"embeddable":true,"href":"https:\/\/emisora.univalle.edu.co\/index.php\/wp-json\/wp\/v2\/comments?post=20535"}],"version-history":[{"count":1,"href":"https:\/\/emisora.univalle.edu.co\/index.php\/wp-json\/wp\/v2\/posts\/20535\/revisions"}],"predecessor-version":[{"id":20537,"href":"https:\/\/emisora.univalle.edu.co\/index.php\/wp-json\/wp\/v2\/posts\/20535\/revisions\/20537"}],"wp:featuredmedia":[{"embeddable":true,"href":"https:\/\/emisora.univalle.edu.co\/index.php\/wp-json\/wp\/v2\/media\/20536"}],"wp:attachment":[{"href":"https:\/\/emisora.univalle.edu.co\/index.php\/wp-json\/wp\/v2\/media?parent=20535"}],"wp:term":[{"taxonomy":"category","embeddable":true,"href":"https:\/\/emisora.univalle.edu.co\/index.php\/wp-json\/wp\/v2\/categories?post=20535"},{"taxonomy":"post_tag","embeddable":true,"href":"https:\/\/emisora.univalle.edu.co\/index.php\/wp-json\/wp\/v2\/tags?post=20535"}],"curies":[{"name":"wp","href":"https:\/\/api.w.org\/{rel}","templated":true}]}}