{"id":20538,"date":"2018-09-11T15:34:01","date_gmt":"2018-09-11T20:34:01","guid":{"rendered":"https:\/\/emisora.univalle.edu.co\/?p=20538"},"modified":"2018-09-11T15:34:01","modified_gmt":"2018-09-11T20:34:01","slug":"lucia-estrada-en-viernes-de-letras","status":"publish","type":"post","link":"https:\/\/emisora.univalle.edu.co\/index.php\/lucia-estrada-en-viernes-de-letras\/","title":{"rendered":"Luc\u00eda Estrada en Viernes de Letras"},"content":{"rendered":"<p><span class=\"authorPost\">Agencia de Noticias Univalle<\/span><\/p>\n<div class=\"itemFullText\">\n<p>La poeta y editora Luc\u00eda Estrada es la invitada a la pr\u00f3xima sesi\u00f3n de Viernes de Letras, un programa permanente de la Escuela de Estudios Literarios de la Universidad del Valle, que se realizar\u00e1 este viernes 14 de 2018, a las 6:00 p.m., en el Auditorio \u00c1ngel Zapata, Campus de Mel\u00e9ndez.<\/p>\n<p>La autora estar\u00e1 conversando con la profesora Cristina Valcke Valbuena. En esta ocasi\u00f3n, la invitada ser\u00e1 presentada por la estudiante de Licenciatura en Literatura Lorena Tello.<\/p>\n<p>Luc\u00eda Estrada es poeta, escritora y editora, nacida en Medell\u00edn, en 1980. Entre sus obras publicadas se encuentran los poemarios: \u201cFuegos nocturnos\u201d (1997), \u201cNoche l\u00edquida\u201d (1999), \u201cMaiastra\u201d (2003), \u201cLas hijas del espino\u201d (2006), \u201cEl ojo de Circe\u201d (2007), \u201cEl c\u00edrculo de la memoria\u201d (2008), \u201cLa noche en el espejo\u201d (2010) y \u201cCuaderno del \u00e1ngel\u201d (2012).<\/p>\n<p>Entre otros reconocimientos, fue nominada por la UNESCO al Premio Mundial de Poes\u00eda Joven (2009) y en 2017 obtuvo el Premio de Poes\u00eda Ciudad de Bogot\u00e1. Actualmente est\u00e1 vinculada a la Corporaci\u00f3n Fernando Gonz\u00e1lez- Otraparte.<\/p>\n<p>Cristina Valcke Valbuena es licenciada en arte dram\u00e1tico y licenciada en literatura. Tambi\u00e9n realiz\u00f3 estudios de especializaci\u00f3n en arte dram\u00e1tico y de maestr\u00eda en literaturas Colombiana y Latinoamericana en la Universidad del Valle, instituci\u00f3n a la que se encuentra vinculada como profesora de la Escuela de Estudios Literarios en el \u00e1rea de Poes\u00eda Latinoamericana y Colombiana; adem\u00e1s sigue desarrollando una actividad cr\u00edtica en perspectiva de g\u00e9nero. Gan\u00f3 por dos a\u00f1os consecutivos Menci\u00f3n de Honor en el Concurso Nacional de Poes\u00eda Ediciones embalaje Museo Rayo.<\/p>\n<\/div>\n","protected":false},"excerpt":{"rendered":"<p>Agencia de Noticias Univalle La poeta y editora Luc\u00eda Estrada es la invitada a la pr\u00f3xima sesi\u00f3n de Viernes de Letras, un programa permanente de la Escuela de Estudios Literarios de la Universidad del Valle, que se realizar\u00e1 este viernes 14 de 2018, a las 6:00 p.m., en el Auditorio[&#8230;]<\/p>\n","protected":false},"author":1,"featured_media":20539,"comment_status":"open","ping_status":"open","sticky":false,"template":"","format":"standard","meta":{"footnotes":""},"categories":[4],"tags":[],"_links":{"self":[{"href":"https:\/\/emisora.univalle.edu.co\/index.php\/wp-json\/wp\/v2\/posts\/20538"}],"collection":[{"href":"https:\/\/emisora.univalle.edu.co\/index.php\/wp-json\/wp\/v2\/posts"}],"about":[{"href":"https:\/\/emisora.univalle.edu.co\/index.php\/wp-json\/wp\/v2\/types\/post"}],"author":[{"embeddable":true,"href":"https:\/\/emisora.univalle.edu.co\/index.php\/wp-json\/wp\/v2\/users\/1"}],"replies":[{"embeddable":true,"href":"https:\/\/emisora.univalle.edu.co\/index.php\/wp-json\/wp\/v2\/comments?post=20538"}],"version-history":[{"count":1,"href":"https:\/\/emisora.univalle.edu.co\/index.php\/wp-json\/wp\/v2\/posts\/20538\/revisions"}],"predecessor-version":[{"id":20540,"href":"https:\/\/emisora.univalle.edu.co\/index.php\/wp-json\/wp\/v2\/posts\/20538\/revisions\/20540"}],"wp:featuredmedia":[{"embeddable":true,"href":"https:\/\/emisora.univalle.edu.co\/index.php\/wp-json\/wp\/v2\/media\/20539"}],"wp:attachment":[{"href":"https:\/\/emisora.univalle.edu.co\/index.php\/wp-json\/wp\/v2\/media?parent=20538"}],"wp:term":[{"taxonomy":"category","embeddable":true,"href":"https:\/\/emisora.univalle.edu.co\/index.php\/wp-json\/wp\/v2\/categories?post=20538"},{"taxonomy":"post_tag","embeddable":true,"href":"https:\/\/emisora.univalle.edu.co\/index.php\/wp-json\/wp\/v2\/tags?post=20538"}],"curies":[{"name":"wp","href":"https:\/\/api.w.org\/{rel}","templated":true}]}}