{"id":20576,"date":"2018-09-25T16:20:17","date_gmt":"2018-09-25T21:20:17","guid":{"rendered":"https:\/\/emisora.univalle.edu.co\/?p=20576"},"modified":"2018-09-25T16:20:17","modified_gmt":"2018-09-25T21:20:17","slug":"comunicado-de-la-rectoria","status":"publish","type":"post","link":"https:\/\/emisora.univalle.edu.co\/index.php\/comunicado-de-la-rectoria\/","title":{"rendered":"COMUNICADO DE LA RECTOR\u00cdA"},"content":{"rendered":"<p><span class=\"authorPost\">Agencia de Noticias Univalle<\/span><\/p>\n<div class=\"itemFullText\">\n<p>La Rector\u00eda de la Universidad del Valle expresa a la comunidad universitaria y a la sociedad en general su profunda preocupaci\u00f3n por la acentuaci\u00f3n del desfinanciamiento del Sistema Universitario Estatal (SUE) constituido por las 32 universidades p\u00fablicas. En el \u00faltimo decenio, a pesar de algunos adicionales de presupuesto que la Naci\u00f3n ha girado a dichas universidades, el desfinanciamiento se ha pronunciado. Situaci\u00f3n que afecta el funcionamiento de las Universidades, impide el cabal cumplimiento de su misi\u00f3n y est\u00e1 creando un escenario que pone en riesgo la continuidad de sus labores.<\/p>\n<p>A pesar de la asfixiante carencia de recursos y de la (hasta ahora) incomprensi\u00f3n del Estado, las universidades p\u00fablicas han hecho un gran esfuerzo en la \u00faltima d\u00e9cada por mejorar la calidad (17 de las 32 universidades est\u00e1n acreditadas como de alta calidad); ampliar la cobertura (cerca de 700.000 estudiantes est\u00e1n matriculados en el SUE); aumentar y cualificar la planta docente; hacer investigaci\u00f3n comprometida con la soluci\u00f3n de graves problemas nacionales, que ha convertido a sus instituciones en l\u00edderes en investigaci\u00f3n y transferencia de tecnolog\u00eda; fortalecer la infraestructura y renovar su base tecnol\u00f3gica para responder a las exigencias de la sociedad del conocimiento y de la informaci\u00f3n. Lo anterior ha sido un aporte sustantivo al desarrollo del pa\u00eds y a la atenuaci\u00f3n de la inequidad.<\/p>\n<p>Como la Rector\u00eda ha expresado en varias oportunidades, el desfinanciamiento es estructural y se origina en un modelo que indexa el presupuesto con base en el \u00cdndice de Precios al Consumidor (IPC), pero la \u201ccanasta de costo universitaria\u201d se incrementa a\u00f1o a a\u00f1o por encima de dicho \u00edndice.\u00a0 \u00a0La encrucijada de la desfinanciaci\u00f3n se acentu\u00f3 en los dos \u00faltimos a\u00f1os a ra\u00edz de la desaparici\u00f3n de los recursos CREE (Impuesto sobre la renta para la equidad de la reforma tributaria de 2012), que representaban unos 600 mil millones anuales.<\/p>\n<p>La Universidad del Valle, seguir\u00e1 manteniendo un manejo prudente de sus finanzas, con la estrategia de control del gasto y del incremento de los recursos propios, pero con el convencimiento que el grueso de la financiaci\u00f3n de la universidad p\u00fablica debe provenir del Estado.<\/p>\n<p>La Reforma Tributaria de 2016, de la anterior administraci\u00f3n nacional, reemplaz\u00f3 el CREE por el 0,6 de 9 puntos porcentuales del Impuesto sobre las rentas (Art. 243, 685 mil millones) y adem\u00e1s estipul\u00f3 que 40% de medio punto del IVA social (Art. 184, 400 mil millones), 10% en el 2017 y 5% en el 2018 del gravamen a las cooperativas (Art.142, 140 mil millones) se destinar\u00edan a la financiaci\u00f3n de la educaci\u00f3n superior p\u00fablica. Por decisi\u00f3n del anterior gobierno, los recursos del Impo-rentas y del IVA social no han llegado a las arcas de las Universidades, sino que han sido utilizados, como es de conocimiento general, para financiar el Programa Ser Pilo Paga y para cubrir el d\u00e9ficit del Icetex.<\/p>\n<p>La Universidad del Valle, como miembro del Sistema Universitario Estatal, no ha estado exenta de esta situaci\u00f3n; sus finanzas se han resentido por la carencia de los recursos CREE (12 mil millones) y por el no giro del Ministerio de Hacienda de recursos del Fondo Pensional (14 mil millones).<\/p>\n<p>La Rector\u00eda de la Universidad del Valle se une al clamor de los rectores del SUE, a las exigencias de estudiantes, profesores y solicita al nuevo Gobierno Nacional que garantice los recursos que fueron incluidos por la anterior administraci\u00f3n en la Reforma Tributaria para la educaci\u00f3n superior p\u00fablica y que a la fecha no han sido desembolsados. Se requiere de la actual direcci\u00f3n nacional que tramite en el Congreso de la Rep\u00fablica un adicional de presupuesto para concluir el a\u00f1o 2018 y que se le asignen los los recursos a la base presupuestal para el 2019, para que, de una manera definitiva, se resuelva el desfinanciamiento estructural de las universidades y la educaci\u00f3n p\u00fablicas, bien sea a trav\u00e9s de una nueva ley de financiaci\u00f3n o mediante la reforma de los Art\u00edculos 86 y 87 de la Ley 30 de 1992.<\/p>\n<p>&nbsp;<\/p>\n<p><strong>EDGAR VARELA BARRIOS<\/strong><br \/>\n<strong>Rector de la Universidad del Valle\u00a0<\/strong><\/p>\n<\/div>\n","protected":false},"excerpt":{"rendered":"<p>Agencia de Noticias Univalle La Rector\u00eda de la Universidad del Valle expresa a la comunidad universitaria y a la sociedad en general su profunda preocupaci\u00f3n por la acentuaci\u00f3n del desfinanciamiento del Sistema Universitario Estatal (SUE) constituido por las 32 universidades p\u00fablicas. En el \u00faltimo decenio, a pesar de algunos adicionales[&#8230;]<\/p>\n","protected":false},"author":1,"featured_media":20577,"comment_status":"open","ping_status":"open","sticky":false,"template":"","format":"standard","meta":{"footnotes":""},"categories":[4],"tags":[],"_links":{"self":[{"href":"https:\/\/emisora.univalle.edu.co\/index.php\/wp-json\/wp\/v2\/posts\/20576"}],"collection":[{"href":"https:\/\/emisora.univalle.edu.co\/index.php\/wp-json\/wp\/v2\/posts"}],"about":[{"href":"https:\/\/emisora.univalle.edu.co\/index.php\/wp-json\/wp\/v2\/types\/post"}],"author":[{"embeddable":true,"href":"https:\/\/emisora.univalle.edu.co\/index.php\/wp-json\/wp\/v2\/users\/1"}],"replies":[{"embeddable":true,"href":"https:\/\/emisora.univalle.edu.co\/index.php\/wp-json\/wp\/v2\/comments?post=20576"}],"version-history":[{"count":1,"href":"https:\/\/emisora.univalle.edu.co\/index.php\/wp-json\/wp\/v2\/posts\/20576\/revisions"}],"predecessor-version":[{"id":20578,"href":"https:\/\/emisora.univalle.edu.co\/index.php\/wp-json\/wp\/v2\/posts\/20576\/revisions\/20578"}],"wp:featuredmedia":[{"embeddable":true,"href":"https:\/\/emisora.univalle.edu.co\/index.php\/wp-json\/wp\/v2\/media\/20577"}],"wp:attachment":[{"href":"https:\/\/emisora.univalle.edu.co\/index.php\/wp-json\/wp\/v2\/media?parent=20576"}],"wp:term":[{"taxonomy":"category","embeddable":true,"href":"https:\/\/emisora.univalle.edu.co\/index.php\/wp-json\/wp\/v2\/categories?post=20576"},{"taxonomy":"post_tag","embeddable":true,"href":"https:\/\/emisora.univalle.edu.co\/index.php\/wp-json\/wp\/v2\/tags?post=20576"}],"curies":[{"name":"wp","href":"https:\/\/api.w.org\/{rel}","templated":true}]}}