{"id":20587,"date":"2018-09-26T12:52:03","date_gmt":"2018-09-26T17:52:03","guid":{"rendered":"https:\/\/emisora.univalle.edu.co\/?p=20587"},"modified":"2018-09-26T12:52:03","modified_gmt":"2018-09-26T17:52:03","slug":"carlos-andres-perez-es-egresadouv","status":"publish","type":"post","link":"https:\/\/emisora.univalle.edu.co\/index.php\/carlos-andres-perez-es-egresadouv\/","title":{"rendered":"Carlos Andr\u00e9s P\u00e9rez es #EgresadoUV"},"content":{"rendered":"<p>Carlos Andr\u00e9s P\u00e9rez es #EgresadoUV de los programas de Econom\u00eda (Pregrado) y Econom\u00eda Aplicada (Posgrado) y actualmente se desempe\u00f1a como Director Econ\u00f3mico y de Competitividad de la C\u00e1mara de Comercio de Cali. Carlos Andr\u00e9s dirige todo el equipo de estudios econ\u00f3micos y adem\u00e1s est\u00e1 liderando varios proyectos de desarrollo empresarial para la ciudad.<\/p>\n<p style=\"text-align: center;\"><iframe loading=\"lazy\" src=\"https:\/\/www.youtube.com\/embed\/9pHeirZJkRI\" width=\"560\" height=\"315\" frameborder=\"0\" allowfullscreen=\"allowfullscreen\"><\/iframe><\/p>\n","protected":false},"excerpt":{"rendered":"<p>Carlos Andr\u00e9s P\u00e9rez es #EgresadoUV de los programas de Econom\u00eda (Pregrado) y Econom\u00eda Aplicada (Posgrado) y actualmente se desempe\u00f1a como Director Econ\u00f3mico y de Competitividad de la C\u00e1mara de Comercio de Cali. Carlos Andr\u00e9s dirige todo el equipo de estudios econ\u00f3micos y adem\u00e1s est\u00e1 liderando varios proyectos de desarrollo empresarial[&#8230;]<\/p>\n","protected":false},"author":1,"featured_media":20588,"comment_status":"open","ping_status":"open","sticky":false,"template":"","format":"standard","meta":{"footnotes":""},"categories":[4],"tags":[],"_links":{"self":[{"href":"https:\/\/emisora.univalle.edu.co\/index.php\/wp-json\/wp\/v2\/posts\/20587"}],"collection":[{"href":"https:\/\/emisora.univalle.edu.co\/index.php\/wp-json\/wp\/v2\/posts"}],"about":[{"href":"https:\/\/emisora.univalle.edu.co\/index.php\/wp-json\/wp\/v2\/types\/post"}],"author":[{"embeddable":true,"href":"https:\/\/emisora.univalle.edu.co\/index.php\/wp-json\/wp\/v2\/users\/1"}],"replies":[{"embeddable":true,"href":"https:\/\/emisora.univalle.edu.co\/index.php\/wp-json\/wp\/v2\/comments?post=20587"}],"version-history":[{"count":1,"href":"https:\/\/emisora.univalle.edu.co\/index.php\/wp-json\/wp\/v2\/posts\/20587\/revisions"}],"predecessor-version":[{"id":20589,"href":"https:\/\/emisora.univalle.edu.co\/index.php\/wp-json\/wp\/v2\/posts\/20587\/revisions\/20589"}],"wp:featuredmedia":[{"embeddable":true,"href":"https:\/\/emisora.univalle.edu.co\/index.php\/wp-json\/wp\/v2\/media\/20588"}],"wp:attachment":[{"href":"https:\/\/emisora.univalle.edu.co\/index.php\/wp-json\/wp\/v2\/media?parent=20587"}],"wp:term":[{"taxonomy":"category","embeddable":true,"href":"https:\/\/emisora.univalle.edu.co\/index.php\/wp-json\/wp\/v2\/categories?post=20587"},{"taxonomy":"post_tag","embeddable":true,"href":"https:\/\/emisora.univalle.edu.co\/index.php\/wp-json\/wp\/v2\/tags?post=20587"}],"curies":[{"name":"wp","href":"https:\/\/api.w.org\/{rel}","templated":true}]}}