{"id":20590,"date":"2018-09-26T12:52:55","date_gmt":"2018-09-26T17:52:55","guid":{"rendered":"https:\/\/emisora.univalle.edu.co\/?p=20590"},"modified":"2018-09-26T12:52:55","modified_gmt":"2018-09-26T17:52:55","slug":"mineducacion-aprueba-tres-nuevos-programas-para-univalle","status":"publish","type":"post","link":"https:\/\/emisora.univalle.edu.co\/index.php\/mineducacion-aprueba-tres-nuevos-programas-para-univalle\/","title":{"rendered":"Mineducaci\u00f3n aprueba tres nuevos programas para Univalle"},"content":{"rendered":"<p><span class=\"authorPost\">Agencia de Noticias Univalle<\/span><\/p>\n<div class=\"itemFullText\">\n<p>El Ministerio de Educaci\u00f3n Nacional le aprob\u00f3 tres programas acad\u00e9micos a la Universidad del Valle, en Licenciatura en Espa\u00f1ol y Filolog\u00eda, la Maestr\u00eda en M\u00fasica y la ampliaci\u00f3n al lugar de desarrollo de la Maestr\u00eda en Salud Ocupacional, que har\u00e1 parte de la oferta de la Sede Tulu\u00e1.<\/p>\n<p><strong>Licenciatura en Espa\u00f1ol y Filolog\u00eda.<\/strong><\/p>\n<p>Este pregrado ser\u00e1 ofertado por la Escuela de Ciencias del Lenguaje de la Facultad de Humanidades, se ofrecer\u00e1 bajo la metodolog\u00eda presencial en Cali, en el campus de Mel\u00e9ndez, con una duraci\u00f3n estimada de diez semestres, 167 cr\u00e9ditos acad\u00e9micos y 35 estudiantes ser\u00e1n admitidos en el primer periodo.<\/p>\n<p>Este pregrado busca formar un profesional en la ense\u00f1anza del espa\u00f1ol para la educaci\u00f3n b\u00e1sica secundaria y media, capaz de incidir en el mejoramiento de la educaci\u00f3n y de su entorno social y con una visi\u00f3n clara de la funci\u00f3n del lenguaje en el aprendizaje y en el desarrollo del conocimiento.<\/p>\n<p>Los egresados de la Licenciatura en Espa\u00f1ol y Filolog\u00eda podr\u00e1n desempe\u00f1arse como docentes del \u00e1rea de lenguaje en la educaci\u00f3n b\u00e1sica secundaria y media; profesionales vinculados a organizaciones p\u00fablicas y privadas encargadas del dise\u00f1o de pol\u00edticas, planes y programas educativos relacionadas con la lengua; asesores de procesos de lectura y escritura en instituciones p\u00fablicas y privadas, entre otros.<\/p>\n<p><strong>Maestr\u00eda en M\u00fasica.<\/strong><\/p>\n<p>Estar\u00e1 adscrito a la Escuela de M\u00fasica de la Facultad de Artes Integradas. Tendr\u00e1 los \u00e9nfasis en teor\u00eda y composici\u00f3n (modalidad de profundizaci\u00f3n) y \u00e9nfasis en educaci\u00f3n musical (modalidad de Investigaci\u00f3n).<\/p>\n<p>El objetivo de este posgrado es formar mag\u00edsteres con conocimientos avanzados en m\u00fasica, capaces de comprender y dar soluciones a problem\u00e1ticas del conocimiento y la pr\u00e1ctica musical en contextos art\u00edsticos y \/ o educativos de la regi\u00f3n y del pa\u00eds.<\/p>\n<p>Los egresados de la Maestr\u00eda en M\u00fasica ser\u00e1n profesionales que en su \u00e1rea de \u00e9nfasis podr\u00e1 formular y desarrollar proyectos musicales, con base de conocimientos te\u00f3ricos y t\u00e9cnicos, tanto generales como espec\u00edficos, con capacidad para interactuar con los sectores educativo, cultural, art\u00edstico, entre otros.<\/p>\n<p><strong>Maestr\u00eda en Salud Ocupacional, en la Sede Tulu\u00e1.<\/strong><\/p>\n<p>Este posgrado busca formar mag\u00edsteres que contribuyan a la construcci\u00f3n del mejor ambiente operativo, en las empresas de todas las actividades econ\u00f3micas de manera que protejan la poblaci\u00f3n trabajadora de los riesgos derivados de las actividades laborales, utilizando las adecuadas medidas de higiene y seguridad industrial, medicina del trabajo, medicina preventiva, ergonom\u00eda, psicolog\u00eda, saneamiento b\u00e1sico, y el funcionamiento de los programas de salud ocupacional, actualmente conocidos como sistema de gesti\u00f3n seguridad y salud en el trabajo (SG-SST) en el sector formal e informal de la econom\u00eda, teniendo en cuenta el compromiso de las empresas con el desarrollo sostenible y la productividad.<\/p>\n<p>El profesional de la Maestr\u00eda en Salud Ocupacional est\u00e1 capacitado en el manejo integral, conceptual y pr\u00e1ctico de la situaci\u00f3n de salud de los trabajadores en relaci\u00f3n con su desempe\u00f1o laboral en las empresas integrantes de las diferentes actividades econ\u00f3micas del sector formal e informal.<\/p>\n<\/div>\n","protected":false},"excerpt":{"rendered":"<p>Agencia de Noticias Univalle El Ministerio de Educaci\u00f3n Nacional le aprob\u00f3 tres programas acad\u00e9micos a la Universidad del Valle, en Licenciatura en Espa\u00f1ol y Filolog\u00eda, la Maestr\u00eda en M\u00fasica y la ampliaci\u00f3n al lugar de desarrollo de la Maestr\u00eda en Salud Ocupacional, que har\u00e1 parte de la oferta de la[&#8230;]<\/p>\n","protected":false},"author":1,"featured_media":20591,"comment_status":"open","ping_status":"open","sticky":false,"template":"","format":"standard","meta":{"footnotes":""},"categories":[4],"tags":[],"_links":{"self":[{"href":"https:\/\/emisora.univalle.edu.co\/index.php\/wp-json\/wp\/v2\/posts\/20590"}],"collection":[{"href":"https:\/\/emisora.univalle.edu.co\/index.php\/wp-json\/wp\/v2\/posts"}],"about":[{"href":"https:\/\/emisora.univalle.edu.co\/index.php\/wp-json\/wp\/v2\/types\/post"}],"author":[{"embeddable":true,"href":"https:\/\/emisora.univalle.edu.co\/index.php\/wp-json\/wp\/v2\/users\/1"}],"replies":[{"embeddable":true,"href":"https:\/\/emisora.univalle.edu.co\/index.php\/wp-json\/wp\/v2\/comments?post=20590"}],"version-history":[{"count":1,"href":"https:\/\/emisora.univalle.edu.co\/index.php\/wp-json\/wp\/v2\/posts\/20590\/revisions"}],"predecessor-version":[{"id":20592,"href":"https:\/\/emisora.univalle.edu.co\/index.php\/wp-json\/wp\/v2\/posts\/20590\/revisions\/20592"}],"wp:featuredmedia":[{"embeddable":true,"href":"https:\/\/emisora.univalle.edu.co\/index.php\/wp-json\/wp\/v2\/media\/20591"}],"wp:attachment":[{"href":"https:\/\/emisora.univalle.edu.co\/index.php\/wp-json\/wp\/v2\/media?parent=20590"}],"wp:term":[{"taxonomy":"category","embeddable":true,"href":"https:\/\/emisora.univalle.edu.co\/index.php\/wp-json\/wp\/v2\/categories?post=20590"},{"taxonomy":"post_tag","embeddable":true,"href":"https:\/\/emisora.univalle.edu.co\/index.php\/wp-json\/wp\/v2\/tags?post=20590"}],"curies":[{"name":"wp","href":"https:\/\/api.w.org\/{rel}","templated":true}]}}