{"id":20594,"date":"2018-10-02T15:11:54","date_gmt":"2018-10-02T20:11:54","guid":{"rendered":"https:\/\/emisora.univalle.edu.co\/?p=20594"},"modified":"2018-10-02T15:11:54","modified_gmt":"2018-10-02T20:11:54","slug":"comunicado-a-la-comunidad-universitaria-y-a-la-opinion-publica","status":"publish","type":"post","link":"https:\/\/emisora.univalle.edu.co\/index.php\/comunicado-a-la-comunidad-universitaria-y-a-la-opinion-publica\/","title":{"rendered":"Comunicado a la comunidad universitaria y a la opini\u00f3n p\u00fablica"},"content":{"rendered":"<p><span class=\"authorPost\">Agencia de Noticias Univalle<\/span><\/p>\n<div class=\"itemFullText\">\n<p>Los rectores de las Universidades P\u00fablicas, reunidos en la asamblea del Sistema Universitario Estatal, constatamos la cr\u00edtica situaci\u00f3n financiera que enfrentan las 32 universidades p\u00fablicas reflejada en un d\u00e9ficit hist\u00f3rico acumulado en funcionamiento de 3.2 billones de pesos y 15 billones de inversi\u00f3n. Adem\u00e1s, analizamos el texto propuesto para primer debate en sesiones conjuntas de las comisiones econ\u00f3micas terceras y cuartas del Honorable Senado de la Rep\u00fablica y de la Honorable C\u00e1mara de Representantes, identificado como proyecto de Ley No 052 de 2018 de la C\u00e1mara y 059 de 2018 del Senado, por el cual se fija el presupuesto de la naci\u00f3n para el 2019. Una vez hechas las respectivas deliberaciones frente a estos temas, nos permitimos compartir a la comunidad universitaria y la opini\u00f3n p\u00fablica nacional las siguientes conclusiones y solicitudes:<\/p>\n<p>1. Solicitamos a los parlamentarios del Congreso de la Rep\u00fablica la no aprobaci\u00f3n del proyecto de Ley No 052 y 059 de 2018, tal como est\u00e1 concebido en este momento en virtud de las siguientes razones:<\/p>\n<p>&#8211; Ante la crisis estructural de financiamiento de las 32 universidades p\u00fablicas, no se contemplan incrementos reales para el funcionamiento y la inversi\u00f3n indispensables para continuar cumpliendo con nuestras labores misionales de investigaci\u00f3n, docencia y proyecci\u00f3n social. El proyecto de presupuesto solo contempla el ajuste por concepto del IPC y los recursos adicionales de 2 billones de pesos previstos para el Ministerio de Educaci\u00f3n Nacional no tienen destinaci\u00f3n alguna para las universidades p\u00fablicas.<\/p>\n<p>&#8211; Se contempla cerca de 1.97 billones de pesos para calidad y fomento de la Educaci\u00f3n Superior; sin embargo, por informaci\u00f3n del Ministerio de Educaci\u00f3n Nacional, este monto se distribuir\u00e1 para los costos operacionales del Sistema de Aseguramiento de la Calidad, financiaci\u00f3n a la demanda de las cohortes del Programa Ser Pilo Paga,<br \/>\nestampilla UN y fomento a la Educaci\u00f3n Superior. Es claro que no hay un recurso concreto adicional que haga base presupuestal de las dem\u00e1s universidades p\u00fablicas.<\/p>\n<p>2. Es necesario que los recursos contemplados en la ley 1819 de 2016 en materia de impuesto complementario a la renta, excedentes de cooperativas e IVA social, se destinen al SUE como fue previsto.<\/p>\n<p>3. Solicitamos al Congreso de la Rep\u00fablica recursos adicionales para el 2019 por un monto de 500 mil millones para la viabilidad y sostenibilidad del SUE. Recursos que debieron haber ingresado en el 2018 a las universidades p\u00fablicas y terminaron financiando becas Icetex y el Programa Ser Pilo Paga.<\/p>\n<p>4. Manifestamos nuestro categ\u00f3rico desacuerdo frente la continuidad del Programa Ser Pilo Paga o su posible reestructuraci\u00f3n, ya que ha significado un aumento muy reducido de la cobertura -calculado en 1,97%-, con un costo muy alto que se estima en 3,5 billones para financiar a tan s\u00f3lo 40.000 j\u00f3venes. En contraste para el 2017, las universidades p\u00fablicas atendieron 611.800 estudiantes con un aporte de la naci\u00f3n de 2,93 billones. A todas luces avanzar\u00edamos mucho m\u00e1s en acceso a la educaci\u00f3n superior si destin\u00e1ramos estos recursos para las universidades p\u00fablicas. Asimismo, se puede se\u00f1alar que m\u00e1s all\u00e1 de financiar la demanda a trav\u00e9s de cr\u00e9ditos-becas, se tratar\u00eda en primer lugar de resolver el tema de la financiaci\u00f3n de las universidades p\u00fablicas para<br \/>\ngarantizar la atenci\u00f3n de la cobertura en estas entidades orientada especialmente a los estratos 1 y 2 de la poblaci\u00f3n.<\/p>\n<p>5. Acompa\u00f1amos, en el marco de la Constituci\u00f3n y las normas, la movilizaci\u00f3n social que se lleve a cabo por la superaci\u00f3n de la crisis de financiaci\u00f3n del Sistema Universitario Estatal. Invitamos a participar en el gran Foro Nacional por la Dignidad de la Educaci\u00f3n P\u00fablica Superior que se realizar\u00e1 el 10 de octubre a las 3 p.m. en el Congreso de la Rep\u00fablica.<\/p>\n<p>Cartagena, 28 de septiembre del 2018<\/p>\n<p><strong>Consejo de Rectores &#8211; SUE<\/strong><br \/>\n<strong>JAIRO MIGUEL TORRES OVIEDO<\/strong><br \/>\n<strong>Presidente del Sistema Universitario Estatal, SUE<\/strong><\/p>\n<p><a href=\"https:\/\/drive.google.com\/file\/d\/1rvraeoSOMwlV59GXbWiL4eX_beApb-gv\/view?usp=sharing\" target=\"_blank\" rel=\"noopener noreferrer\">*Ver aqu\u00ed comunicado oficial<\/a><\/p>\n<\/div>\n","protected":false},"excerpt":{"rendered":"<p>Agencia de Noticias Univalle Los rectores de las Universidades P\u00fablicas, reunidos en la asamblea del Sistema Universitario Estatal, constatamos la cr\u00edtica situaci\u00f3n financiera que enfrentan las 32 universidades p\u00fablicas reflejada en un d\u00e9ficit hist\u00f3rico acumulado en funcionamiento de 3.2 billones de pesos y 15 billones de inversi\u00f3n. Adem\u00e1s, analizamos el[&#8230;]<\/p>\n","protected":false},"author":1,"featured_media":20595,"comment_status":"open","ping_status":"open","sticky":false,"template":"","format":"standard","meta":{"footnotes":""},"categories":[4],"tags":[],"_links":{"self":[{"href":"https:\/\/emisora.univalle.edu.co\/index.php\/wp-json\/wp\/v2\/posts\/20594"}],"collection":[{"href":"https:\/\/emisora.univalle.edu.co\/index.php\/wp-json\/wp\/v2\/posts"}],"about":[{"href":"https:\/\/emisora.univalle.edu.co\/index.php\/wp-json\/wp\/v2\/types\/post"}],"author":[{"embeddable":true,"href":"https:\/\/emisora.univalle.edu.co\/index.php\/wp-json\/wp\/v2\/users\/1"}],"replies":[{"embeddable":true,"href":"https:\/\/emisora.univalle.edu.co\/index.php\/wp-json\/wp\/v2\/comments?post=20594"}],"version-history":[{"count":1,"href":"https:\/\/emisora.univalle.edu.co\/index.php\/wp-json\/wp\/v2\/posts\/20594\/revisions"}],"predecessor-version":[{"id":20596,"href":"https:\/\/emisora.univalle.edu.co\/index.php\/wp-json\/wp\/v2\/posts\/20594\/revisions\/20596"}],"wp:featuredmedia":[{"embeddable":true,"href":"https:\/\/emisora.univalle.edu.co\/index.php\/wp-json\/wp\/v2\/media\/20595"}],"wp:attachment":[{"href":"https:\/\/emisora.univalle.edu.co\/index.php\/wp-json\/wp\/v2\/media?parent=20594"}],"wp:term":[{"taxonomy":"category","embeddable":true,"href":"https:\/\/emisora.univalle.edu.co\/index.php\/wp-json\/wp\/v2\/categories?post=20594"},{"taxonomy":"post_tag","embeddable":true,"href":"https:\/\/emisora.univalle.edu.co\/index.php\/wp-json\/wp\/v2\/tags?post=20594"}],"curies":[{"name":"wp","href":"https:\/\/api.w.org\/{rel}","templated":true}]}}