{"id":20597,"date":"2018-10-02T15:13:43","date_gmt":"2018-10-02T20:13:43","guid":{"rendered":"https:\/\/emisora.univalle.edu.co\/?p=20597"},"modified":"2018-10-02T15:13:43","modified_gmt":"2018-10-02T20:13:43","slug":"primer-encuentro-nacional-las-politicas-de-genero-en-las-instituciones-de-educacion-superior","status":"publish","type":"post","link":"https:\/\/emisora.univalle.edu.co\/index.php\/primer-encuentro-nacional-las-politicas-de-genero-en-las-instituciones-de-educacion-superior\/","title":{"rendered":"Primer Encuentro Nacional \u201cLas pol\u00edticas de G\u00e9nero en las Instituciones de Educaci\u00f3n Superior\u201d"},"content":{"rendered":"<p><span class=\"authorPost\">Agencia de Noticias Univalle<\/span><\/p>\n<div class=\"itemFullText\">\n<p>El Centro de Investigaciones y Documentaci\u00f3n Socioecon\u00f3mica, CIDSE, y el Centro de Investigaciones y Estudios de G\u00e9nero, Mujer y Sociedad, CIEGMS, invitan a la comunidad acad\u00e9mico al Primer Encuentro Nacional \u201cLas pol\u00edticas de G\u00e9nero en las Instituciones de Educaci\u00f3n Superior\u201d, el jueves 4 de octubre en el Auditorio Antonio J. Posada, Edificio D12.<\/p>\n<p>Tendremos un panel abierto a todo el p\u00fablico (\u201cFundamentos, enfoque, acciones, balance y aciertos en la formulaci\u00f3n o ejecuci\u00f3n de Pol\u00edticas de G\u00e9nero\u201d).<\/p>\n<p>La jornada ser\u00e1 desde las 8:00 a.m. hasta las 12:00 m. La programaci\u00f3n es la siguiente:<\/p>\n<p>1. Instalaci\u00f3n 8:00 a.m. &#8211; 8:30 a.m.<\/p>\n<p>2. Panel de universidades: &#8216;Fundamentos, enfoque, acciones, balance y aciertosen la formulaci\u00f3n o ejecuci\u00f3n de Pol\u00edticas de G\u00e9nero&#8217; (Auditorio Antonio J. Posada, Facultad de Ciencias Sociales y Econ\u00f3micas, Edificio D12, antiguo 387)<\/p>\n<p>&#8211; Dora Isabel D\u00edaz, Directora de la Escuela de G\u00e9nero, Universidad Nacional de Colombia (8:30)<\/p>\n<p>&#8211; Raquel M\u00e9ndez Villamizar, Directora Escuela de Trabajo Social, Universidad Industrial de Santander 8:55)<\/p>\n<p>&#8211; Carmenza S\u00e1nchez, Profesora, Departamento de Estudios de Familia, Universidad de Caldas (9:20)<\/p>\n<p>Receso 9:45 a.m. 10:00 a.m.<\/p>\n<p>&#8211; Sonia Valencia Yepes, Profesional \u00c1rea Salud Integral, Universidad Tecnol\u00f3gica de Pereira (10:00)<\/p>\n<p>&#8211; Alba Nubia Rodr\u00edguez, Directora del Centro de Investigaciones y Estudios de G\u00e9nero Mujer y Sociedad, Universidad del Valle (10:25)<\/p>\n<p>3. Preguntas y discusi\u00f3n 10:50 a.m. &#8211; 12:00 a.m.<\/p>\n<p><strong>Resumen<\/strong><\/p>\n<p>En la \u00faltima d\u00e9cada distintos grupos de trabajo de varias universidades del pa\u00eds pusieron el foco en lo que est\u00e1 sucediendo en su interior en t\u00e9rminos de relaciones de g\u00e9nero, equidad, violencias y acoso. Proyectos como Fortalecimiento de la Equidad de G\u00e9nero en la Educaci\u00f3n Superior (FEGES), la promoci\u00f3n en varias universidades de normativas espec\u00edficas que atiendan estas problem\u00e1ticas, as\u00ed como la construcci\u00f3n de la Red Nacional por la Equidad de G\u00e9nero en la Educaci\u00f3n Superior son manifestaciones de los pasos que venimos dando en las universidades del pa\u00eds en esta direcci\u00f3n. En este marco, la Universidad del Valle, desde el Centro de Investigaciones y Estudios de G\u00e9nero Mujer y Sociedad con el respaldo de la direcci\u00f3n universitaria (Resoluci\u00f3n 055 de julio de 2015 del Consejo Superior) empezamos el proceso para la formulaci\u00f3n de la Pol\u00edtica P\u00fablica de G\u00e9nero en la Universidad del Valle. En este camino se est\u00e1 desarrollando el proyecto de investigaci\u00f3n \u201cAportes de la pol\u00edtica de g\u00e9nero de la Universidad del Valle para la construcci\u00f3n de una sociedad en paz\u201d, (Convocatoria 740 Colciencias, 2016) y el proyecto de sensibilizaci\u00f3n de la comunidad universitaria \u201cFortalecimiento de la perspectiva de g\u00e9nero, pluralidad y diversidad\u201d (financiado por la Vicerrector\u00eda de Bienestar Universitario). En esta construcci\u00f3n consideramos fundamental seguir aportando en el proceso colectivo que se viene dando a nivel nacional, por lo que este encuentro tiene como prop\u00f3sito presentar resultados de nuestro proceso, as\u00ed como conocer e intercambiar puntos de vista sobre las discusiones y avances que se vienen realizando en otras universidades del pa\u00eds al respecto.<\/p>\n<p><strong>Mayores informes<\/strong><\/p>\n<p>\u00c1rea de Comunicaciones<\/p>\n<p><span id=\"cloakca4321c634df59a23d61bfbc6680b9dd\"><a href=\"mailto:genero@correounivalle.edu.co\">genero@correounivalle.edu.co<\/a><\/span><\/p>\n<p><strong>email:<\/strong>\u00a0<span id=\"cloakd410c0594ce52deaacf4af663b28584f\"><a href=\"mailto:comunica.socioeconomia@correounivalle.edu.co\">comunica.socioeconomia@correounivalle.edu.co<\/a><\/span><\/p>\n<p><strong>Tel\u00e9fono:<\/strong>\u00a0321 2100 ext. 3176<\/p>\n<\/div>\n","protected":false},"excerpt":{"rendered":"<p>Agencia de Noticias Univalle El Centro de Investigaciones y Documentaci\u00f3n Socioecon\u00f3mica, CIDSE, y el Centro de Investigaciones y Estudios de G\u00e9nero, Mujer y Sociedad, CIEGMS, invitan a la comunidad acad\u00e9mico al Primer Encuentro Nacional \u201cLas pol\u00edticas de G\u00e9nero en las Instituciones de Educaci\u00f3n Superior\u201d, el jueves 4 de octubre en[&#8230;]<\/p>\n","protected":false},"author":1,"featured_media":20598,"comment_status":"open","ping_status":"open","sticky":false,"template":"","format":"standard","meta":{"footnotes":""},"categories":[4],"tags":[],"_links":{"self":[{"href":"https:\/\/emisora.univalle.edu.co\/index.php\/wp-json\/wp\/v2\/posts\/20597"}],"collection":[{"href":"https:\/\/emisora.univalle.edu.co\/index.php\/wp-json\/wp\/v2\/posts"}],"about":[{"href":"https:\/\/emisora.univalle.edu.co\/index.php\/wp-json\/wp\/v2\/types\/post"}],"author":[{"embeddable":true,"href":"https:\/\/emisora.univalle.edu.co\/index.php\/wp-json\/wp\/v2\/users\/1"}],"replies":[{"embeddable":true,"href":"https:\/\/emisora.univalle.edu.co\/index.php\/wp-json\/wp\/v2\/comments?post=20597"}],"version-history":[{"count":1,"href":"https:\/\/emisora.univalle.edu.co\/index.php\/wp-json\/wp\/v2\/posts\/20597\/revisions"}],"predecessor-version":[{"id":20599,"href":"https:\/\/emisora.univalle.edu.co\/index.php\/wp-json\/wp\/v2\/posts\/20597\/revisions\/20599"}],"wp:featuredmedia":[{"embeddable":true,"href":"https:\/\/emisora.univalle.edu.co\/index.php\/wp-json\/wp\/v2\/media\/20598"}],"wp:attachment":[{"href":"https:\/\/emisora.univalle.edu.co\/index.php\/wp-json\/wp\/v2\/media?parent=20597"}],"wp:term":[{"taxonomy":"category","embeddable":true,"href":"https:\/\/emisora.univalle.edu.co\/index.php\/wp-json\/wp\/v2\/categories?post=20597"},{"taxonomy":"post_tag","embeddable":true,"href":"https:\/\/emisora.univalle.edu.co\/index.php\/wp-json\/wp\/v2\/tags?post=20597"}],"curies":[{"name":"wp","href":"https:\/\/api.w.org\/{rel}","templated":true}]}}