{"id":20624,"date":"2018-10-11T10:55:56","date_gmt":"2018-10-11T15:55:56","guid":{"rendered":"https:\/\/emisora.univalle.edu.co\/?p=20624"},"modified":"2018-10-11T10:55:56","modified_gmt":"2018-10-11T15:55:56","slug":"univalle-presente-en-la-feria-internacional-del-libro-de-cali","status":"publish","type":"post","link":"https:\/\/emisora.univalle.edu.co\/index.php\/univalle-presente-en-la-feria-internacional-del-libro-de-cali\/","title":{"rendered":"Univalle presente en la Feria Internacional del Libro de Cali"},"content":{"rendered":"<p><span class=\"authorPost\">Agencia de Noticias Univalle<\/span><\/p>\n<div class=\"itemFullText\">\n<p>La Universidad del Valle participar\u00e1 entre el 18 y el 28 de octubre en la Feria del Libro de Cali que este a\u00f1o contar\u00e1 con M\u00e9xico como pa\u00eds invitado. Omar Ortiz Salda\u00f1a, director del Programa Editorial de la Universidad del Valle anunci\u00f3 que toda la producci\u00f3n bibliogr\u00e1fica reciente del Alma M\u00e1ter estar\u00e1 en el estand de Univalle que podr\u00e1 ser visitado durante el certamen ferial.<\/p>\n<p>Junto con la Secretaria de Cultura de Cali, Luz Adriana Betancourth Lorza y el Presidente de la Fundaci\u00f3n Spiwak, Angel Espiwak Knorpel, el directivo universitario present\u00f3 a los medios de comunicaci\u00f3n de la ciudad detalles acerca de la Feria del Libro y destac\u00f3 la importancia del evento para la promoci\u00f3n de la lectura y la difusi\u00f3n de las artes.<\/p>\n<p>El profesor Ortiz destac\u00f3 que la Universidad del Valle ha producido en el \u00faltimo a\u00f1o 100 publicaciones a trav\u00e9s de su Programa Editorial (2 por semana) e invit\u00f3 tambi\u00e9n a los vallecaucanos a participar en los Festivales del Libro y la Lectura en Buenaventura, Cartago, Tulu\u00e1, Buga y Palmira.<\/p>\n<p>Los Festivales del libro cuentan con el apoyo de la Universidad del Valle y la participaci\u00f3n de la Asociaci\u00f3n Colombiana de Libreros Independientes (ACLI), la Secretar\u00eda de Cultura del Valle del Cauca y la Biblioteca Departamental Jorge Garc\u00e9s Borrero. En cada municipio habr\u00e1 una librer\u00eda itinerante, autores y otros invitados, la exposici\u00f3n Tierra Adentro. J\u00f3venes ilustradores, que hace parte de la presencia de M\u00e9xico como pa\u00eds invitado y el Bibliob\u00fas de la Biblioteca Departamental.<\/p>\n<p>Por su parte, el profesor Dar\u00edo Henao Restrepo present\u00f3 la programaci\u00f3n del X Simposio Jorge Isaacs 2018 \u201cTras la huella de Manuel Zapata Olivella\u201d que tendr\u00e1 lugar entre el 29 de octubre y el 2 de noviembre.<\/p>\n<p>M\u00e9xico, Pa\u00eds Invitado, llegar\u00e1 a Cali con una delegaci\u00f3n con 24 invitados \u2013entre los que se destacan \u00c9lmer Mendoza, Vicente Quirarte, Alberto Ruy S\u00e1nchez y Jorge Volpi\u2013, una librer\u00eda con m\u00e1s de cuatro mil ejemplares, que ser\u00e1 operada por el Fondo de Cultura Econ\u00f3mica, que incluye diversas editoriales mexicanas y publicaciones de m\u00e1s de diez universidades del pa\u00eds azteca que se suman a esta iniciativa. Tres ciclos de cine con documentales, argumentales y pel\u00edculas de animaci\u00f3n. Dos exposiciones de ilustradores mexicanos, una para ni\u00f1os, \u201cPintacuentos\u201d, y otra para j\u00f3venes, \u201cTierra adentro\u201d. M\u00fasica popular mexicana a cargo de \u201cLos atemperados\u201d, quienes interpretar\u00e1n tres conciertos en distintos lugares de Cali. Un festival gastron\u00f3mico de cocina tradicional totonaca con \u201cLas mujeres de humo\u201d, en el Restaurante la Zarzuela del Hotel Spiwak. Talleres para ni\u00f1os, j\u00f3venes y adultos.<\/p>\n<p>La programaci\u00f3n acad\u00e9mica de la Feria se organiza con el apoyo del Grupo de Editores Universitarios del Pac\u00edfico Colombiano (GEUP), integrado por la Universidad del Valle, la Universidad Antonio Nari\u00f1o, la Universidad Aut\u00f3noma de Occidente, la Fundaci\u00f3n Universitaria Cat\u00f3lica, la Universidad del Cauca, el Icesi, la Universidad Javeriana, la Universidad Libre, la Universidad Nacional de Colombia, la Universidad de San Buenaventura y la Universidad Santiago de Cali.<\/p>\n<p>La Feria Internacional del Libro de Cali y el GEUP trabajan juntos para fortalecer la circulaci\u00f3n de sus publicaciones y la formaci\u00f3n de nuevas generaciones de editores.\u00a0Tambi\u00e9n se realizar\u00e1 el Segundo Encuentro de Editores Universitarios. En esta oportunidad con ponentes de M\u00e9xico \u2014Pa\u00eds Invitado\u2014, Argentina, Ecuador y Colombia. El tema central es la circulaci\u00f3n de publicaciones universitarias en Am\u00e9rica Latina.<\/p>\n<\/div>\n","protected":false},"excerpt":{"rendered":"<p>Agencia de Noticias Univalle La Universidad del Valle participar\u00e1 entre el 18 y el 28 de octubre en la Feria del Libro de Cali que este a\u00f1o contar\u00e1 con M\u00e9xico como pa\u00eds invitado. Omar Ortiz Salda\u00f1a, director del Programa Editorial de la Universidad del Valle anunci\u00f3 que toda la producci\u00f3n[&#8230;]<\/p>\n","protected":false},"author":1,"featured_media":20625,"comment_status":"open","ping_status":"open","sticky":false,"template":"","format":"standard","meta":{"footnotes":""},"categories":[4],"tags":[],"_links":{"self":[{"href":"https:\/\/emisora.univalle.edu.co\/index.php\/wp-json\/wp\/v2\/posts\/20624"}],"collection":[{"href":"https:\/\/emisora.univalle.edu.co\/index.php\/wp-json\/wp\/v2\/posts"}],"about":[{"href":"https:\/\/emisora.univalle.edu.co\/index.php\/wp-json\/wp\/v2\/types\/post"}],"author":[{"embeddable":true,"href":"https:\/\/emisora.univalle.edu.co\/index.php\/wp-json\/wp\/v2\/users\/1"}],"replies":[{"embeddable":true,"href":"https:\/\/emisora.univalle.edu.co\/index.php\/wp-json\/wp\/v2\/comments?post=20624"}],"version-history":[{"count":1,"href":"https:\/\/emisora.univalle.edu.co\/index.php\/wp-json\/wp\/v2\/posts\/20624\/revisions"}],"predecessor-version":[{"id":20626,"href":"https:\/\/emisora.univalle.edu.co\/index.php\/wp-json\/wp\/v2\/posts\/20624\/revisions\/20626"}],"wp:featuredmedia":[{"embeddable":true,"href":"https:\/\/emisora.univalle.edu.co\/index.php\/wp-json\/wp\/v2\/media\/20625"}],"wp:attachment":[{"href":"https:\/\/emisora.univalle.edu.co\/index.php\/wp-json\/wp\/v2\/media?parent=20624"}],"wp:term":[{"taxonomy":"category","embeddable":true,"href":"https:\/\/emisora.univalle.edu.co\/index.php\/wp-json\/wp\/v2\/categories?post=20624"},{"taxonomy":"post_tag","embeddable":true,"href":"https:\/\/emisora.univalle.edu.co\/index.php\/wp-json\/wp\/v2\/tags?post=20624"}],"curies":[{"name":"wp","href":"https:\/\/api.w.org\/{rel}","templated":true}]}}