{"id":20630,"date":"2018-10-11T10:59:33","date_gmt":"2018-10-11T15:59:33","guid":{"rendered":"https:\/\/emisora.univalle.edu.co\/?p=20630"},"modified":"2018-10-11T10:59:33","modified_gmt":"2018-10-11T15:59:33","slug":"rector-edgar-varela-participo-de-marcha-por-la-educacion","status":"publish","type":"post","link":"https:\/\/emisora.univalle.edu.co\/index.php\/rector-edgar-varela-participo-de-marcha-por-la-educacion\/","title":{"rendered":"Rector Edgar Varela particip\u00f3 de marcha por la educaci\u00f3n"},"content":{"rendered":"<p><span class=\"authorPost\">Agencia de Noticias Univalle<\/span><\/p>\n<div class=\"itemFullText\">\n<p>El rector de la Universidad del Valle Edgar Varela Barrios, juntos a otros rectores de instituciones de educaci\u00f3n superior del pa\u00eds, particip\u00f3 este mi\u00e9rcoles 10 de octubre de la marcha por la educaci\u00f3n superior p\u00fablica que se adelant\u00f3 en Bogot\u00e1.<\/p>\n<p>Estudiantes y profesores universitarios salieron de manera masiva a las calles de las grandes capitales del pa\u00eds para exigirle al Gobierno Nacional m\u00e1s recursos para financiar la educaci\u00f3n superior p\u00fablica en Colombia.<\/p>\n<p>Se estima que cerca de 400 mil estudiantes en todo el pa\u00eds salieron este mi\u00e9rcoles a protestar por el d\u00e9ficit en la educaci\u00f3n p\u00fablica que afecta a miles de j\u00f3venes. Piden una adici\u00f3n de 4,9 billones al presupuesto para el 2019 y que se destinen 700.000 millones para ciencia y tecnolog\u00eda.<\/p>\n<p>En Bogot\u00e1 las manifestaciones salieron de diferentes puntos. La Avenida Caracas y la carrera 30 fueron los ejes principales de las movilizaciones. Los recorridos partieron de las sedes del SENA, la Universidad Nacional, la Distrital o la Javeriana y tuvieron como destino la Plaza de Bol\u00edvar.<\/p>\n<p>En Cali, se estima que m\u00e1s de diez mil personas, entre estudiantes, docentes y l\u00edderes participaron de la jornada. El recorrido inici\u00f3 desde la Calle 16 con Carrera 100, cerca al campus de Mel\u00e9ndez de Univalle, se desplaz\u00f3 por la Calle 5 y finaliz\u00f3 en Plaza de San Francisco.<\/p>\n<p>A lo largo del trayecto se unieron a la movilizaci\u00f3n estudiantes de otras instituciones como la Universidad Icesi, Santiago de Cali, la Universidad Javeriana, la Escuela Nacional del Deporte, el SENA as\u00ed como miembros de la comunidad universitaria de la Universidad del Valle Campus de San Fernando. Durante la jornada, se realizaron actividades art\u00edsticas de protesta.<\/p>\n<p>Se espera que tanto el Congreso como el Gobierno Nacional escuchen la voz de las comunidades universitarias que pidieron m\u00e1s recursos para la educaci\u00f3n superior p\u00fablica en Colombia.<\/p>\n<p><img loading=\"lazy\" decoding=\"async\" class=\"aligncenter\" src=\"http:\/\/drive.google.com\/uc?export=view&amp;id=1wpUzAknIRh9vr0qfvz1P6lTFSnPB6wgX\" alt=\"\" width=\"600\" height=\"338\" \/><\/p>\n<\/div>\n","protected":false},"excerpt":{"rendered":"<p>Agencia de Noticias Univalle El rector de la Universidad del Valle Edgar Varela Barrios, juntos a otros rectores de instituciones de educaci\u00f3n superior del pa\u00eds, particip\u00f3 este mi\u00e9rcoles 10 de octubre de la marcha por la educaci\u00f3n superior p\u00fablica que se adelant\u00f3 en Bogot\u00e1. Estudiantes y profesores universitarios salieron de[&#8230;]<\/p>\n","protected":false},"author":1,"featured_media":20631,"comment_status":"open","ping_status":"open","sticky":false,"template":"","format":"standard","meta":{"footnotes":""},"categories":[4],"tags":[],"_links":{"self":[{"href":"https:\/\/emisora.univalle.edu.co\/index.php\/wp-json\/wp\/v2\/posts\/20630"}],"collection":[{"href":"https:\/\/emisora.univalle.edu.co\/index.php\/wp-json\/wp\/v2\/posts"}],"about":[{"href":"https:\/\/emisora.univalle.edu.co\/index.php\/wp-json\/wp\/v2\/types\/post"}],"author":[{"embeddable":true,"href":"https:\/\/emisora.univalle.edu.co\/index.php\/wp-json\/wp\/v2\/users\/1"}],"replies":[{"embeddable":true,"href":"https:\/\/emisora.univalle.edu.co\/index.php\/wp-json\/wp\/v2\/comments?post=20630"}],"version-history":[{"count":1,"href":"https:\/\/emisora.univalle.edu.co\/index.php\/wp-json\/wp\/v2\/posts\/20630\/revisions"}],"predecessor-version":[{"id":20632,"href":"https:\/\/emisora.univalle.edu.co\/index.php\/wp-json\/wp\/v2\/posts\/20630\/revisions\/20632"}],"wp:featuredmedia":[{"embeddable":true,"href":"https:\/\/emisora.univalle.edu.co\/index.php\/wp-json\/wp\/v2\/media\/20631"}],"wp:attachment":[{"href":"https:\/\/emisora.univalle.edu.co\/index.php\/wp-json\/wp\/v2\/media?parent=20630"}],"wp:term":[{"taxonomy":"category","embeddable":true,"href":"https:\/\/emisora.univalle.edu.co\/index.php\/wp-json\/wp\/v2\/categories?post=20630"},{"taxonomy":"post_tag","embeddable":true,"href":"https:\/\/emisora.univalle.edu.co\/index.php\/wp-json\/wp\/v2\/tags?post=20630"}],"curies":[{"name":"wp","href":"https:\/\/api.w.org\/{rel}","templated":true}]}}