{"id":20646,"date":"2018-10-22T11:31:00","date_gmt":"2018-10-22T16:31:00","guid":{"rendered":"https:\/\/emisora.univalle.edu.co\/?p=20646"},"modified":"2018-10-22T11:31:00","modified_gmt":"2018-10-22T16:31:00","slug":"inicia-feria-internacional-del-libro-de-cali-univalle-presente","status":"publish","type":"post","link":"https:\/\/emisora.univalle.edu.co\/index.php\/inicia-feria-internacional-del-libro-de-cali-univalle-presente\/","title":{"rendered":"Inicia Feria Internacional del Libro de Cali. Univalle presente"},"content":{"rendered":"<p>Con la producci\u00f3n editorial de la Universidad del Valle, inici\u00f3 este jueves la Feria Internacional del Libro de Cali 2018. En el acto de inauguraci\u00f3n, el rector Edgar Varela Barrios dio las gracias a la embajadora de M\u00e9xico en Colombia, Blanca Alcal\u00e1 Ruiz, por la participaci\u00f3n de su pa\u00eds en la feria y destac\u00f3 su importancia como naci\u00f3n potente en la industria editorial.<\/p>\n<p>El rector se\u00f1al\u00f3 que pr\u00f3ximamente la Universidad del Valle establecer\u00e1 un convenio con el Fondo de Cultura Econ\u00f3mica, importante instituci\u00f3n editorial del Estado Mexicano, para crear una librer\u00eda que, en principio, funcionar\u00e1 en el campus de Mel\u00e9ndez.<\/p>\n<p>De igual manera el directivo universitario record\u00f3 c\u00f3mo, de la mano de la Alcald\u00eda de Santiago de Cali, se vienen realizando desde el a\u00f1o 2016, las ferias internacionales del libro, y recalc\u00f3 la alianza constituida entre Univalle y el Municipio, que ha permitido, entre otras acciones, el establecimiento del Plan Estrat\u00e9gico de las Empresas Municipales de Cali, orientado por el Instituto de Prospectiva de la universidad.<\/p>\n<p>Destac\u00f3 adem\u00e1s la amplia participaci\u00f3n de editoriales universitarias que, para esta edici\u00f3n de la feria, cuentan con varios stands que les permiten dar a conocer la valiosa producci\u00f3n cient\u00edfica y literaria de las principales universidades de la regi\u00f3n, divulgando este conocimiento entre toda la comunidad cale\u00f1a y vallecaucana.<\/p>\n<p>En el acto inaugural de la Feria Internacional del Libro de Cali 2018, estuvieron presentes el alcalde de Cali, Maurice Armitage Cadavid; la embajadora de M\u00e9xico en Colombia, Blanca Alcal\u00e1 Ruiz; el rector de la Universidad del Valle, Edgar Varela Barrios; la secretaria de Cultura de Cali, Luz Adriana Betancourt Lorza y el presidente de la Fundaci\u00f3n Spiwak, \u00c1ngel Spiwak Knorpel.<\/p>\n<p>La programaci\u00f3n acad\u00e9mica de la feria incluye m\u00e1s de setenta presentaciones de libros, charlas, ponencias, seminarios y foros, en los que participan activamente docentes de la Universidad del Valle. No se pierdan por ejemplo: El Pac\u00edfico Cuenta. Lectura de\u00a0<em>Cuentos para leer bajo la luna<\/em>, a cargo del docente \u00c1lvaro Bautista; o la mesa sobre\u00a0<em>Gabriel Garc\u00eda M\u00e1rquez cuentista<\/em>, a cargo de los profesores Carmi\u00f1a Navia y Juan Moreno Blanco; o la presentaci\u00f3n de los libros\u00a0<em>Pedro Alc\u00e1ntara, en el v\u00f3rtice de la segunda mitad del siglo XX<\/em>, escrito por el docente Juli\u00e1n Malatesta, y\u00a0<em>El caballete Hologr\u00e1fico<\/em>, de la profesora Ida Valencia Ortiz.<\/p>\n<p><a href=\"https:\/\/issuu.com\/califerialibro\/docs\/programacion_feria_internacional_de?fbclid=IwAR0m6mZ5s4JcJhE8lwZVKGzaVWqG3lXluCMkOUI2cNCyyhShGR-JLPizpBA\">Consulta aqu\u00ed toda la programaci\u00f3n.<\/a><\/p>\n","protected":false},"excerpt":{"rendered":"<p>Con la producci\u00f3n editorial de la Universidad del Valle, inici\u00f3 este jueves la Feria Internacional del Libro de Cali 2018. En el acto de inauguraci\u00f3n, el rector Edgar Varela Barrios dio las gracias a la embajadora de M\u00e9xico en Colombia, Blanca Alcal\u00e1 Ruiz, por la participaci\u00f3n de su pa\u00eds en[&#8230;]<\/p>\n","protected":false},"author":1,"featured_media":20647,"comment_status":"open","ping_status":"open","sticky":false,"template":"","format":"standard","meta":{"footnotes":""},"categories":[4],"tags":[],"_links":{"self":[{"href":"https:\/\/emisora.univalle.edu.co\/index.php\/wp-json\/wp\/v2\/posts\/20646"}],"collection":[{"href":"https:\/\/emisora.univalle.edu.co\/index.php\/wp-json\/wp\/v2\/posts"}],"about":[{"href":"https:\/\/emisora.univalle.edu.co\/index.php\/wp-json\/wp\/v2\/types\/post"}],"author":[{"embeddable":true,"href":"https:\/\/emisora.univalle.edu.co\/index.php\/wp-json\/wp\/v2\/users\/1"}],"replies":[{"embeddable":true,"href":"https:\/\/emisora.univalle.edu.co\/index.php\/wp-json\/wp\/v2\/comments?post=20646"}],"version-history":[{"count":1,"href":"https:\/\/emisora.univalle.edu.co\/index.php\/wp-json\/wp\/v2\/posts\/20646\/revisions"}],"predecessor-version":[{"id":20648,"href":"https:\/\/emisora.univalle.edu.co\/index.php\/wp-json\/wp\/v2\/posts\/20646\/revisions\/20648"}],"wp:featuredmedia":[{"embeddable":true,"href":"https:\/\/emisora.univalle.edu.co\/index.php\/wp-json\/wp\/v2\/media\/20647"}],"wp:attachment":[{"href":"https:\/\/emisora.univalle.edu.co\/index.php\/wp-json\/wp\/v2\/media?parent=20646"}],"wp:term":[{"taxonomy":"category","embeddable":true,"href":"https:\/\/emisora.univalle.edu.co\/index.php\/wp-json\/wp\/v2\/categories?post=20646"},{"taxonomy":"post_tag","embeddable":true,"href":"https:\/\/emisora.univalle.edu.co\/index.php\/wp-json\/wp\/v2\/tags?post=20646"}],"curies":[{"name":"wp","href":"https:\/\/api.w.org\/{rel}","templated":true}]}}