{"id":20665,"date":"2018-10-24T16:36:09","date_gmt":"2018-10-24T21:36:09","guid":{"rendered":"https:\/\/emisora.univalle.edu.co\/?p=20665"},"modified":"2018-10-24T16:36:09","modified_gmt":"2018-10-24T21:36:09","slug":"jhonny-javier-orejuela-gomez-es-egresadouv","status":"publish","type":"post","link":"https:\/\/emisora.univalle.edu.co\/index.php\/jhonny-javier-orejuela-gomez-es-egresadouv\/","title":{"rendered":"Jhonny Javier Orejuela G\u00f3mez es #EgresadoUV"},"content":{"rendered":"<p>Jhonny Javier Orejuela G\u00f3mez es egresado del programa de Psicolog\u00eda y de la Maestr\u00eda en Sociolog\u00eda. Actualmente es Profesor Titular y Jefe del Programa de Psicolog\u00eda de la Universidad EAFIT de Medell\u00edn. Su libro m\u00e1s reciente libre es \u00abCl\u00ednica del Trabajo. El malestar subjetivo derivado de la fragmentaci\u00f3n laboral.<\/p>\n<p style=\"text-align: center;\"><iframe loading=\"lazy\" src=\"https:\/\/www.youtube.com\/embed\/y9B72p-moPE\" width=\"560\" height=\"315\" frameborder=\"0\" allowfullscreen=\"allowfullscreen\"><\/iframe><\/p>\n","protected":false},"excerpt":{"rendered":"<p>Jhonny Javier Orejuela G\u00f3mez es egresado del programa de Psicolog\u00eda y de la Maestr\u00eda en Sociolog\u00eda. Actualmente es Profesor Titular y Jefe del Programa de Psicolog\u00eda de la Universidad EAFIT de Medell\u00edn. Su libro m\u00e1s reciente libre es \u00abCl\u00ednica del Trabajo. El malestar subjetivo derivado de la fragmentaci\u00f3n laboral.<\/p>\n","protected":false},"author":1,"featured_media":20666,"comment_status":"open","ping_status":"open","sticky":false,"template":"","format":"standard","meta":{"footnotes":""},"categories":[4],"tags":[],"_links":{"self":[{"href":"https:\/\/emisora.univalle.edu.co\/index.php\/wp-json\/wp\/v2\/posts\/20665"}],"collection":[{"href":"https:\/\/emisora.univalle.edu.co\/index.php\/wp-json\/wp\/v2\/posts"}],"about":[{"href":"https:\/\/emisora.univalle.edu.co\/index.php\/wp-json\/wp\/v2\/types\/post"}],"author":[{"embeddable":true,"href":"https:\/\/emisora.univalle.edu.co\/index.php\/wp-json\/wp\/v2\/users\/1"}],"replies":[{"embeddable":true,"href":"https:\/\/emisora.univalle.edu.co\/index.php\/wp-json\/wp\/v2\/comments?post=20665"}],"version-history":[{"count":1,"href":"https:\/\/emisora.univalle.edu.co\/index.php\/wp-json\/wp\/v2\/posts\/20665\/revisions"}],"predecessor-version":[{"id":20667,"href":"https:\/\/emisora.univalle.edu.co\/index.php\/wp-json\/wp\/v2\/posts\/20665\/revisions\/20667"}],"wp:featuredmedia":[{"embeddable":true,"href":"https:\/\/emisora.univalle.edu.co\/index.php\/wp-json\/wp\/v2\/media\/20666"}],"wp:attachment":[{"href":"https:\/\/emisora.univalle.edu.co\/index.php\/wp-json\/wp\/v2\/media?parent=20665"}],"wp:term":[{"taxonomy":"category","embeddable":true,"href":"https:\/\/emisora.univalle.edu.co\/index.php\/wp-json\/wp\/v2\/categories?post=20665"},{"taxonomy":"post_tag","embeddable":true,"href":"https:\/\/emisora.univalle.edu.co\/index.php\/wp-json\/wp\/v2\/tags?post=20665"}],"curies":[{"name":"wp","href":"https:\/\/api.w.org\/{rel}","templated":true}]}}