{"id":20670,"date":"2018-10-31T14:48:33","date_gmt":"2018-10-31T19:48:33","guid":{"rendered":"https:\/\/emisora.univalle.edu.co\/?p=20670"},"modified":"2018-10-31T14:48:33","modified_gmt":"2018-10-31T19:48:33","slug":"tras-la-huella-de-manuel-zapata-olivella","status":"publish","type":"post","link":"https:\/\/emisora.univalle.edu.co\/index.php\/tras-la-huella-de-manuel-zapata-olivella\/","title":{"rendered":"Tras la huella de Manuel Zapata Olivella"},"content":{"rendered":"<p><span class=\"authorPost\">Agencia de Noticias Univalle<\/span><\/p>\n<div class=\"itemFullText\">\n<p>Seg\u00fan la Fiscal\u00eda General de la Naci\u00f3n, en Colombia actualmente hay m\u00e1s de 700 investigaciones por racismo y la cifra no desciende.\u00a0\u00a0Pese a la gesti\u00f3n de pol\u00edticas p\u00fablicas que busca erradicar los casos de discriminaci\u00f3n en el pa\u00eds, las minor\u00edas afro y descendientes africanos a\u00fan son invisibilizados.<\/p>\n<p>Y no solo son invisibilizados, tambi\u00e9n son obligados a olvidar la tradici\u00f3n cultural que los identifica, es decir, fueron tra\u00eddos a la fuerza por colonizadores al continente americano, torturados, esclavizados y presionados a olvidar sus costumbres e ideolog\u00edas y, aunque la gran mayor\u00eda de maneras de violencia han sido prohibidas, todav\u00eda se les maltrata de muchas otras.<\/p>\n<p>Desmontar los falsos imaginarios estructurados por la sociedad acerca de los africanos y su cultura fue la labor a la que dedic\u00f3 su vida el escritor colombiano Manuel Zapata Olivella, uno de los humanistas latinoamericanos m\u00e1s importante del siglo XX.<\/p>\n<p>La obra de Zapata Olivella fue y es valiosa por la calidad de su trayectoria literaria y sus aportes en distintas \u00e1reas del conocimiento. Desde muy joven, Olivella se interes\u00f3 por abordar la herencia africana y su relaci\u00f3n con otras culturas, especialmente con la europea y amerindia. Su inclinaci\u00f3n por los estudios culturales, se evidencia en sus investigaciones folcl\u00f3ricas y sociol\u00f3gicas en las cuales se destacan\u00a0\u2018El hombre colombiano\u2019, \u2018Etnograf\u00eda colombiana\u2019 y \u2018El folclor en los puertos colombianos\u2019.<\/p>\n<p>Por medio de sus estudios sociol\u00f3gicos, Zapata Olivella confront\u00f3 esa idea pensada exclusivamente desde las \u00e9lites criollas y promovi\u00f3 una visi\u00f3n de naci\u00f3n en la cual tuviera cabida los sectores populares conformados por mestizos, negros, mulatos y zambos.<\/p>\n<p>Por las m\u00faltiples razones se\u00f1aladas, la importancia de su obra es vital para comprender el panorama literario e investigativo del siglo XX. A trav\u00e9s del trabajo de artistas como Rojas Erazo, Garc\u00eda M\u00e1rquez, Manuel Mej\u00eda Vallejo, Grau, Obreg\u00f3n y Botero, se gest\u00f3 una renovaci\u00f3n de la cultura colombiana hasta ese entonces instalada en una idea excluyente de naci\u00f3n.<\/p>\n<p>El \u2018X Simposio Internacional Jorge Isaacs\u2019, evento que se ha consolidado como un escenario interdisciplinario para la reflexi\u00f3n de la cultura, la historia y el pensamiento latinoamericano y que se est\u00e1 realizando en las instalaciones de la Universidad del Valle, del 29 de octubre al dos de noviembre, rinde homenaje a Manuel Zapata Olivella.<\/p>\n<p>Dentro de la programaci\u00f3n del Simposio, se llev\u00f3 a cabo la conferencia \u2018El munt\u00fa de\/en Manuel Zapata Olivella: Paradigma poscolonial africano para descolonizar los imaginarios\/discursos latinoamericanos sobre las identidades, a cargo del invitado internacional Animan Cl\u00e9ment Akassi.<\/p>\n<p>En la conferencia se discuti\u00f3 las maneras c\u00f3mo en Colombia se construyen falsos imaginarios a cerca de los africanos y sus tradiciones. Adem\u00e1s, c\u00f3mo Zapata Olivella influenci\u00f3 para que estas minor\u00edas fuesen reconocidas y valoradas.<\/p>\n<p>\u201cDentro de la sociedad colombiana y m\u00e1s a\u00fan, dentro de las mismas colonias africanas en este pa\u00eds, existen tensiones raizales, como ejemplo claro de la invizibilizacion de los negros, perpetrada por blancos y hasta por los mismos negros. Es claro el papel tan importante que Zapata Olivella tuvo dentro la defensa de la integridad de las minor\u00edas, puesto que \u00e9l luch\u00f3 para que no se construyera al \u2018imaginario\u2019 en base a la \u2018imaginaci\u00f3n\u2019, es decir, dedic\u00f3 su vida a ilustrar que los africanos no eran animales, por ejemplo, concepci\u00f3n apropiada por los colonizadores en base a su propia imaginaci\u00f3n, mas no a la realidad\u201d, asegur\u00f3 Animan.<\/p>\n<p>Como parte del homenaje, tambi\u00e9n se publicar\u00e1, por primera vez, su obra completa. Este emprendimiento lo lidera la Universidad del Valle y el grupo de Investigaci\u00f3n Narrativa Colombiana de la Escuela de Estudios Literarios con apoyo de la Rector\u00eda, el Programa Editorial y la Coordinaci\u00f3n de Artes Gr\u00e1ficas de la Facultad de Humanidades. Adem\u00e1s, la coedici\u00f3n del libro se realizar\u00e1 con las Universidades Externado de Colombia, Universidad Nacional de Colombia, Universidad de C\u00f3rdoba y la Universidad de Cartagena, ciudad en la vivi\u00f3 su adolescencia.<\/p>\n<\/div>\n","protected":false},"excerpt":{"rendered":"<p>Agencia de Noticias Univalle Seg\u00fan la Fiscal\u00eda General de la Naci\u00f3n, en Colombia actualmente hay m\u00e1s de 700 investigaciones por racismo y la cifra no desciende.\u00a0\u00a0Pese a la gesti\u00f3n de pol\u00edticas p\u00fablicas que busca erradicar los casos de discriminaci\u00f3n en el pa\u00eds, las minor\u00edas afro y descendientes africanos a\u00fan son[&#8230;]<\/p>\n","protected":false},"author":1,"featured_media":20671,"comment_status":"open","ping_status":"open","sticky":false,"template":"","format":"standard","meta":{"footnotes":""},"categories":[4],"tags":[],"_links":{"self":[{"href":"https:\/\/emisora.univalle.edu.co\/index.php\/wp-json\/wp\/v2\/posts\/20670"}],"collection":[{"href":"https:\/\/emisora.univalle.edu.co\/index.php\/wp-json\/wp\/v2\/posts"}],"about":[{"href":"https:\/\/emisora.univalle.edu.co\/index.php\/wp-json\/wp\/v2\/types\/post"}],"author":[{"embeddable":true,"href":"https:\/\/emisora.univalle.edu.co\/index.php\/wp-json\/wp\/v2\/users\/1"}],"replies":[{"embeddable":true,"href":"https:\/\/emisora.univalle.edu.co\/index.php\/wp-json\/wp\/v2\/comments?post=20670"}],"version-history":[{"count":1,"href":"https:\/\/emisora.univalle.edu.co\/index.php\/wp-json\/wp\/v2\/posts\/20670\/revisions"}],"predecessor-version":[{"id":20672,"href":"https:\/\/emisora.univalle.edu.co\/index.php\/wp-json\/wp\/v2\/posts\/20670\/revisions\/20672"}],"wp:featuredmedia":[{"embeddable":true,"href":"https:\/\/emisora.univalle.edu.co\/index.php\/wp-json\/wp\/v2\/media\/20671"}],"wp:attachment":[{"href":"https:\/\/emisora.univalle.edu.co\/index.php\/wp-json\/wp\/v2\/media?parent=20670"}],"wp:term":[{"taxonomy":"category","embeddable":true,"href":"https:\/\/emisora.univalle.edu.co\/index.php\/wp-json\/wp\/v2\/categories?post=20670"},{"taxonomy":"post_tag","embeddable":true,"href":"https:\/\/emisora.univalle.edu.co\/index.php\/wp-json\/wp\/v2\/tags?post=20670"}],"curies":[{"name":"wp","href":"https:\/\/api.w.org\/{rel}","templated":true}]}}