{"id":20681,"date":"2018-11-08T12:49:28","date_gmt":"2018-11-08T17:49:28","guid":{"rendered":"https:\/\/emisora.univalle.edu.co\/?p=20681"},"modified":"2018-11-08T12:49:28","modified_gmt":"2018-11-08T17:49:28","slug":"colombia-alemania-como-llegar-a-ser-cientificoa-contra-todo-pronostico","status":"publish","type":"post","link":"https:\/\/emisora.univalle.edu.co\/index.php\/colombia-alemania-como-llegar-a-ser-cientificoa-contra-todo-pronostico\/","title":{"rendered":"Colombia &#8211; Alemania: \u00bfC\u00f3mo llegar a ser cient\u00edfico\/a, contra todo pron\u00f3stico?"},"content":{"rendered":"<p>J\u00f3venes de regiones vulnerables de Colombia, pero apasionados por la ciencia, visitan Alemania para hablar con altos cient\u00edficos en un encuentro que puede dar lugar a un fruct\u00edfero programa.<\/p>\n<p>\u00abEl cambio clim\u00e1tico es una realidad. Todos sabemos que a mayor combusti\u00f3n hay mayor contaminaci\u00f3n. Por ello estamos trabajando para\u00a0mejorar la durabilidad de las celdas solares\u201d, dice a DW Jos\u00e9 Dar\u00edo Perea, f\u00edsico de la Universidad del Valle, un establecimiento p\u00fablico con sede en Cali, Colombia. Perea, doctorando de la\u00a0<a class=\"icon external\" href=\"https:\/\/www.fau.eu\/\" target=\"_blank\" rel=\"nofollow noopener noreferrer\">Universidad Friedrich-Alexander de Erlangen-N\u00faremberg,<\/a>investiga en celdas solares org\u00e1nicas e h\u00edbridas. A pesar de su juventud, ya uno de sus trabajos ha cosechado \u00e9xitos: en el marco del programa\u00a0<em><a class=\"icon external\" href=\"http:\/\/www.cubesinspace.com\/\" target=\"_blank\" rel=\"nofollow noopener noreferrer\">Cubes in Space,<\/a><\/em>\u00a0su proyecto de celdas solares org\u00e1nicas de \u00faltima generaci\u00f3n fue escogido por la NASA para ser enviado a las fronteras del espacio.<\/p>\n<p><em>Cubes in Space<\/em>\u00a0es un programa de promoci\u00f3n cient\u00edfica mundial dedicado a j\u00f3venes entre los 11 y los 18 a\u00f1os de edad en el que pueden dise\u00f1ar y proponer experimentos para ensayarlos en el espacio o en un entorno cercano al espacio, en un cohete de la NASA o un globo a presi\u00f3n cero. Justamente cuatro de los j\u00f3venes colombianos con quienes el f\u00edsico Jos\u00e9 Dar\u00edo Perea llev\u00f3 a la NASA su propuesta de celdas solares, se encuentran tambi\u00e9n en Alemania. Su misi\u00f3n: empezar su carrera de futuros cient\u00edficos reuni\u00e9ndose con dos l\u00edderes alemanes de la investigaci\u00f3n mundial: Christoph Brabec y Gerhard Ertl.<\/p>\n<p><strong>Laura Garc\u00eda: \u00abColombia deber\u00eda valorar m\u00e1s la ciencia<\/strong>\u201d<\/p>\n<p>Brabec es profesor del Departamento de Materiales, Ciencia e Ingenier\u00eda\u00a0de la Universidad de Erlangen-N\u00faremberg, y Ertl es Nobel de Qu\u00edmica 2007, investigador de procesos qu\u00edmicos sobre superficies s\u00f3lidas. Las chicas y chicos colombianos tuvieron la oportunidad de hacer pruebas de laboratorio junto con el profesor Brabec, especialista en energ\u00edas renovables. \u00abUna oportunidad \u00fanica para ver el valor que se le reconoce a la ciencia en Alemania, y que tanto falta en Colombia\u201d, dice la joven Laura Garc\u00eda, quien junto con Dana Mart\u00ednez, John Quintero y Andr\u00e9s Lozano, se dirig\u00edan en un tren de alta velocidad hacia Berl\u00edn en el momento en que DW los contact\u00f3.<\/p>\n<p>Laura, Dana, John y Andr\u00e9s cursan sus estudios secundarios en las<a class=\"icon external\" href=\"http:\/\/www.sena.edu.co\/es-co\/formacion\/Paginas\/tecnoacademia.aspx\" target=\"_blank\" rel=\"nofollow noopener noreferrer\">\u00abtecnoacademias\u201d del Servicio Nacional de Aprendizaje (SENA),<\/a>\u00a0que promueven a ni\u00f1os y j\u00f3venes de comunidades vulnerables de Colombia para que se aproximen a la formaci\u00f3n t\u00e9cnica profesional.<\/p>\n<p><strong>A la espera de un Premio Nobel<\/strong><\/p>\n<p>En la capital alemana los espera un Premio Nobel: el profesor Gerhard Ertl, a quien, seg\u00fan el cient\u00edfico colombiano Daniel Cruz, \u00able encant\u00f3 la idea\u201d de platicar con cuatros j\u00f3venes latinoamericanos que quieren hablar con \u00e9l sobre c\u00f3mo superar las barreras para tener \u00e9xito en el desarrollo de una tecnolog\u00eda que ayude a frenar el cambio clim\u00e1tico, por ejemplo. \u00abAl f\u00edsico Ertl lo conmueve tambi\u00e9n como humano recibir a cuatro chicos del otro lado del mundo, que provienen de regiones golpeadas por la violencia del pasado conflicto armado y el descuido estatal\u201d, cuenta Cruz, quien sabe que Gerhard Ertl, nacido en 1936, sufri\u00f3 las inclemencias de la Segunda Guerra Mundial durante su ni\u00f1ez y juventud.<\/p>\n<p>Tanto el alem\u00e1n Ertl, como el colombiano Cruz, doctorando del Instituto Max-Planck, y especialista en qu\u00edmica aplicada a energ\u00eda solar, ven en estos esfuerzos su aporte a la construcci\u00f3n de la paz en Colombia. Con este mismo objetivo, cient\u00edficos y estudiantes crearon la corporaci\u00f3n \u00abDel laboratorio al campo\u201d y la<a class=\"icon external\" href=\"https:\/\/www.facebook.com\/RedREICA\/\" target=\"_blank\" rel=\"nofollow noopener noreferrer\">Red de Investigadores Colombianos en Alemania (REICA e.V.),<\/a>\u00a0que cuentan con el respaldo de diversas instituciones alemanas y del SENA, la instituci\u00f3n p\u00fablica en Colombia, encargada de impartir educaci\u00f3n dual. Un colegio de la comunidad ind\u00edgena Wayuu, en la Guajira, norte de Colombia, ya ha empezado a disfrutar de los primeros m\u00f3dulos fotovoltaicos que proveen de energ\u00eda al plantel educativo.<\/p>\n<p><strong>\u00abDel laboratorio al campo\u201d promueve la innovaci\u00f3n<\/strong><\/p>\n<p>El equipo interdisciplinario e internacional de<a class=\"icon external\" href=\"https:\/\/www.labalcampo.org\/\" target=\"_blank\" rel=\"nofollow noopener noreferrer\">\u00abDel laboratorio al campo\u201d,<\/a>\u00a0busca \u00abconstruir v\u00ednculos solidarios e innovadores entre profesionales y comunidades, para hacer de la ciencia y el arte un generador de soluciones para los problemas cotidianos\u201d, destaca Daniel Cruz.<\/p>\n<p>La idea de que j\u00f3venes de fuera Europa se re\u00fanan con cient\u00edficos alemanes en sus propios laboratorios est\u00e1 dejando tan gratamente impresionados a los profesores alemanes que ya piensan en crear un proyecto a largo plazo para que j\u00f3venes de otros pa\u00edses y continentes puedan tener la misma oportunidad.<\/p>\n<p>En tiempos en los que, bajo el actual Gobierno del presidente de Colombia, Iv\u00e1n Duque, se promueve la opci\u00f3n del \u00abfracking\u201d para explorar probables yacimientos de gas o petr\u00f3leo &#8211;\u00a0\u00a0\u00ablo que es una idea opuesta al sentido del avance en las energ\u00edas renovables\u201d, como apunta Jos\u00e9 Dar\u00edo Perea -, y en d\u00edas en los que estudiantes de las universidades p\u00fablicas en Colombia protestan por la cr\u00f3nica falta de financiaci\u00f3n de los centros de estudio e investigaci\u00f3n, Daniel Cruz recuerda que \u00abla ciencia es el recurso m\u00e1s importante para sacar adelante a una sociedad\u201d.<\/p>\n","protected":false},"excerpt":{"rendered":"<p>J\u00f3venes de regiones vulnerables de Colombia, pero apasionados por la ciencia, visitan Alemania para hablar con altos cient\u00edficos en un encuentro que puede dar lugar a un fruct\u00edfero programa. \u00abEl cambio clim\u00e1tico es una realidad. Todos sabemos que a mayor combusti\u00f3n hay mayor contaminaci\u00f3n. Por ello estamos trabajando para\u00a0mejorar la[&#8230;]<\/p>\n","protected":false},"author":1,"featured_media":20682,"comment_status":"open","ping_status":"open","sticky":false,"template":"","format":"standard","meta":{"footnotes":""},"categories":[4],"tags":[],"_links":{"self":[{"href":"https:\/\/emisora.univalle.edu.co\/index.php\/wp-json\/wp\/v2\/posts\/20681"}],"collection":[{"href":"https:\/\/emisora.univalle.edu.co\/index.php\/wp-json\/wp\/v2\/posts"}],"about":[{"href":"https:\/\/emisora.univalle.edu.co\/index.php\/wp-json\/wp\/v2\/types\/post"}],"author":[{"embeddable":true,"href":"https:\/\/emisora.univalle.edu.co\/index.php\/wp-json\/wp\/v2\/users\/1"}],"replies":[{"embeddable":true,"href":"https:\/\/emisora.univalle.edu.co\/index.php\/wp-json\/wp\/v2\/comments?post=20681"}],"version-history":[{"count":1,"href":"https:\/\/emisora.univalle.edu.co\/index.php\/wp-json\/wp\/v2\/posts\/20681\/revisions"}],"predecessor-version":[{"id":20683,"href":"https:\/\/emisora.univalle.edu.co\/index.php\/wp-json\/wp\/v2\/posts\/20681\/revisions\/20683"}],"wp:featuredmedia":[{"embeddable":true,"href":"https:\/\/emisora.univalle.edu.co\/index.php\/wp-json\/wp\/v2\/media\/20682"}],"wp:attachment":[{"href":"https:\/\/emisora.univalle.edu.co\/index.php\/wp-json\/wp\/v2\/media?parent=20681"}],"wp:term":[{"taxonomy":"category","embeddable":true,"href":"https:\/\/emisora.univalle.edu.co\/index.php\/wp-json\/wp\/v2\/categories?post=20681"},{"taxonomy":"post_tag","embeddable":true,"href":"https:\/\/emisora.univalle.edu.co\/index.php\/wp-json\/wp\/v2\/tags?post=20681"}],"curies":[{"name":"wp","href":"https:\/\/api.w.org\/{rel}","templated":true}]}}