{"id":20684,"date":"2018-11-08T12:50:23","date_gmt":"2018-11-08T17:50:23","guid":{"rendered":"https:\/\/emisora.univalle.edu.co\/?p=20684"},"modified":"2018-11-08T12:50:23","modified_gmt":"2018-11-08T17:50:23","slug":"oscar-seidel-en-viernes-de-letras","status":"publish","type":"post","link":"https:\/\/emisora.univalle.edu.co\/index.php\/oscar-seidel-en-viernes-de-letras\/","title":{"rendered":"\u00d3scar Seidel en Viernes de Letras"},"content":{"rendered":"<p>El escritor \u00d3scar Seidel es el invitado al pr\u00f3ximo conversatorio de Viernes de letras, un programa permanente de la Escuela de Estudios Literarios de la Universidad del Valle.<\/p>\n<p>El conversatorio se realizar\u00e1 este viernes 9 de noviembre de 2018, a las 6:00 p.m. en el Auditorio \u00c1ngel Zapata, Biblioteca Mario Carvajal, Campus de Mel\u00e9ndez.<\/p>\n<p>El autor estar\u00e1 conversando con Fabio Mart\u00ednez y Ya\u00edr Cuen\u00fa, como parte de la publicaci\u00f3n del libro \u00abLa marea literaria: Antolog\u00eda de relatos del Pac\u00edfico\u00bb. En esta ocasi\u00f3n, el invitado ser\u00e1 presentado por la estudiante de Licenciatura en Literatura Melissa Hurtado.<\/p>\n<p>\u00d3scar Seidel, naci\u00f3 en Tumaco, en 1952. Ingeniero Industrial por la Universidad Tecnol\u00f3gica de Pereira. Entre sus publicaciones se destacan: \u201cEn el mar de sus recuerdos\u201d (2016), \u201cMax Seidel El Pedagogo Alem\u00e1n\u201d (2017), \u201cEl dulce olor de Puerto Perla (2018) y \u201cEnfrentado a sus propios demonios\u201d (2018). Fue nombrado Embajador del idioma espa\u00f1ol de Colombia en el mundo por la Fundaci\u00f3n C\u00e9sar Egido Serrano y el Museo de la Palabra de Madrid (2018). Es el Director Ejecutivo de la Fundaci\u00f3n de Escritores del Pac\u00edfico Colombiano-FUESPACOL.<\/p>\n","protected":false},"excerpt":{"rendered":"<p>El escritor \u00d3scar Seidel es el invitado al pr\u00f3ximo conversatorio de Viernes de letras, un programa permanente de la Escuela de Estudios Literarios de la Universidad del Valle. El conversatorio se realizar\u00e1 este viernes 9 de noviembre de 2018, a las 6:00 p.m. en el Auditorio \u00c1ngel Zapata, Biblioteca Mario[&#8230;]<\/p>\n","protected":false},"author":1,"featured_media":20685,"comment_status":"open","ping_status":"open","sticky":false,"template":"","format":"standard","meta":{"footnotes":""},"categories":[4],"tags":[],"_links":{"self":[{"href":"https:\/\/emisora.univalle.edu.co\/index.php\/wp-json\/wp\/v2\/posts\/20684"}],"collection":[{"href":"https:\/\/emisora.univalle.edu.co\/index.php\/wp-json\/wp\/v2\/posts"}],"about":[{"href":"https:\/\/emisora.univalle.edu.co\/index.php\/wp-json\/wp\/v2\/types\/post"}],"author":[{"embeddable":true,"href":"https:\/\/emisora.univalle.edu.co\/index.php\/wp-json\/wp\/v2\/users\/1"}],"replies":[{"embeddable":true,"href":"https:\/\/emisora.univalle.edu.co\/index.php\/wp-json\/wp\/v2\/comments?post=20684"}],"version-history":[{"count":1,"href":"https:\/\/emisora.univalle.edu.co\/index.php\/wp-json\/wp\/v2\/posts\/20684\/revisions"}],"predecessor-version":[{"id":20686,"href":"https:\/\/emisora.univalle.edu.co\/index.php\/wp-json\/wp\/v2\/posts\/20684\/revisions\/20686"}],"wp:featuredmedia":[{"embeddable":true,"href":"https:\/\/emisora.univalle.edu.co\/index.php\/wp-json\/wp\/v2\/media\/20685"}],"wp:attachment":[{"href":"https:\/\/emisora.univalle.edu.co\/index.php\/wp-json\/wp\/v2\/media?parent=20684"}],"wp:term":[{"taxonomy":"category","embeddable":true,"href":"https:\/\/emisora.univalle.edu.co\/index.php\/wp-json\/wp\/v2\/categories?post=20684"},{"taxonomy":"post_tag","embeddable":true,"href":"https:\/\/emisora.univalle.edu.co\/index.php\/wp-json\/wp\/v2\/tags?post=20684"}],"curies":[{"name":"wp","href":"https:\/\/api.w.org\/{rel}","templated":true}]}}