{"id":20698,"date":"2018-11-16T15:14:05","date_gmt":"2018-11-16T20:14:05","guid":{"rendered":"https:\/\/emisora.univalle.edu.co\/?p=20698"},"modified":"2018-11-16T15:14:05","modified_gmt":"2018-11-16T20:14:05","slug":"ingenieria-agricola-celebra-50-anos","status":"publish","type":"post","link":"https:\/\/emisora.univalle.edu.co\/index.php\/ingenieria-agricola-celebra-50-anos\/","title":{"rendered":"Ingenier\u00eda Agr\u00edcola celebra 50 a\u00f1os"},"content":{"rendered":"<p><span class=\"authorPost\">Agencia de Noticias Univalle<\/span><\/p>\n<div class=\"itemFullText\">\n<p>El Programa Acad\u00e9mico de Ingenier\u00eda Agr\u00edcola de la Facultad de Ingenier\u00eda de la Universidad del Valle, para celebrar 50 A\u00f1os de creaci\u00f3n, ha desarrollado una serie de actividades acad\u00e9micas, deportivas, sociales y culturales.<\/p>\n<p>El evento central de las actividades conmemorativas ser\u00e1 el viernes 23 de noviembre, a las 3:00 pm, en las instalaciones del Edificio Multitaller (E23)<\/p>\n<p>La programaci\u00f3n incluye una actividad acad\u00e9mica y un evento de integraci\u00f3n social entre los miembros de la comunidad del programa: estudiantes, docentes, administrativos, personal de apoyo, instituciones, empleadores y egresados. (Ver programaci\u00f3n).<\/p>\n<p>El acto acad\u00e9mico incluye dos conferencias centrales. La primera, \u201cLos Avances en el Conocimiento del Recurso H\u00eddrico Superficial y Subterr\u00e1neo del Valle del Cauca\u201d, ofrecida por el Ingeniero Agr\u00edcola H\u00e9ctor Fabio Aristizabal R., PhD., Director T\u00e9cnico Ambiental de la Corporaci\u00f3n Aut\u00f3noma Regional del Valle del Cauca (CVC) y egresado de nuestro Programa Acad\u00e9mico.<\/p>\n<p>La segunda conferencia se titula \u201cAgricultura Hidrol\u00f3gica\u201d, a cargo del Ingeniero Jairo G\u00f3mez Zambrano, Docente jubilado de la Universidad Nacional de Colombia. En el marco de esta segunda conferencia ser\u00e1 el lanzamiento del Libro \u201cAgricultura Hidrol\u00f3gica\u201d.<\/p>\n<p>La programaci\u00f3n contin\u00faa con entrega de distinciones a docentes que se desempe\u00f1aron como directores de programa, egresados ilustres, instituciones, estudiantes, y personal de apoyo.<\/p>\n<p><strong>Rese\u00f1a del Programa Acad\u00e9mico de Ingenier\u00eda Agr\u00edcola<\/strong><\/p>\n<p>El Programa Acad\u00e9mico de Ingenier\u00eda Agr\u00edcola fue creado mediante el Convenio Macro de Integraci\u00f3n entre la Universidad del Valle y la Universidad Nacional de Colombia, suscrito por \u00a0Alfonso Ocampo Londo\u00f1o, rector de la Universidad del Valle y Jorge M\u00e9ndez Mun\u00e9var, rector Universidad Nacional de Colombia, en noviembre 28 de 1967.<\/p>\n<p>El Convenio Interinstitucional fue ratificado mediante Resoluci\u00f3n No. 300 de noviembre 30 de 1967 de la Universidad Nacional y el Acuerdo No. 011 del 16 de julio de 1968 del Consejo Directivo de la Universidad del Valle.<\/p>\n<p>El Convenio involucr\u00f3 la creaci\u00f3n de los programas acad\u00e9micos de Ingenier\u00eda Agr\u00edcola y Econom\u00eda Agr\u00edcola, adem\u00e1s de la movilidad estudiantil entre las dos instituciones. Espec\u00edficamente, el Programa de Ingenier\u00eda Agr\u00edcola inicio labores en agosto de 1968, graduando la primera promoci\u00f3n de 18 profesionales, en 1974. A la fecha, el programa cuenta con un n\u00famero cercano al millar de egresados y cerca de 250 estudiantes activos.<\/p>\n<p>Mediante Resoluci\u00f3n No. 034 de mayo 13 de 2010 del Consejo Superior de la Universidad del Valle, el Programa pas\u00f3 a ser administrado en su totalidad por la Universidad a del Valle, tiene una duraci\u00f3n de 5 a\u00f1os, se ofrece en jornada diurna presencial, tiene el c\u00f3digo 582 en el Sistema Nacional de Informaci\u00f3n de Educaci\u00f3n Superior (SNIES) \u00a0y otorga el t\u00edtulo profesional de Ingenier\u00eda Agr\u00edcola.<\/p>\n<p>Mediante Resoluci\u00f3n No. 07332 de fecha 4 de mayo de 2018, el Ministerio de Educaci\u00f3n Nacional (MEN) renov\u00f3 el Registro Calificado del programa por 7 a\u00f1os. De igual manera, el MEN mediante Resoluci\u00f3n No. 11582 de fecha 1 de julio de 2018, renov\u00f3 por 6 a\u00f1os la Acreditaci\u00f3n de Alta Calidad del Programa.<\/p>\n<p><strong>Impacto del programa<\/strong><\/p>\n<p>En 50 A\u00f1os de actividades de formaci\u00f3n, el Programa a trav\u00e9s del ejercicio profesional de sus egresados ha contribuido en alto grado al desarrollo local, regional y nacional del sector agropecuario; al manejo sostenible, eficiente y responsable de los recursos naturales, a potenciar la capacidad de gesti\u00f3n y \u00a0el mejoramiento del nivel de vida de las comunidades rurales, y a contribuir a la formulaci\u00f3n e implementaci\u00f3n de pol\u00edtica p\u00fablica en el manejo, conservaci\u00f3n y aprovechamiento de los ecosistemas.<\/p>\n<p>Hoy en d\u00eda, los egresados del Programa Acad\u00e9mico han ganado espacios y tienen presencia en instituciones p\u00fablicas y privadas del entorno local, regional y nacional; entre las cuales merecen mencionarse las Corporaciones Aut\u00f3nomas Regionales del Valle del Cauca (CVC) y del Departamento del Cauca (CRC), la industria azucarera, especialmente en los ingenios; entidades de investigaci\u00f3n como CENICA\u00d1A, CIAT, AGROSAVIA; entidades del sector de adecuaci\u00f3n de tierras como el Distrito de Riego Roldanillo, La Uni\u00f3n, Toro: RUT, y COLPOZOS; y finalmente en sector de formaci\u00f3n como es el caso de las Universidades del Valle y Nacional de Colombia.<\/p>\n<p><strong>Perspectivas<\/strong><\/p>\n<p>Actualmente, el Programa Acad\u00e9mico de Ingenier\u00eda Agr\u00edcola adelanta una reforma curricula, con miras a la formaci\u00f3n integral de un profesional capaz de enfrentar y superar retos que demanda un mundo cambiante y cada vez m\u00e1s competitivo. La contribuci\u00f3n de la Ingenier\u00eda Agr\u00edcola a la reducci\u00f3n de los \u00edndices de pobreza en el sector rural; seguridad y soberan\u00eda alimentaria frente al crecimiento poblacional; conservaci\u00f3n y protecci\u00f3n del medio ambiente; biotecnolog\u00eda; biocombustibles; investigaci\u00f3n y desarrollo frente a mediadas de adaptaci\u00f3n al cambio y variabilidad clim\u00e1tica; y contribuci\u00f3n al desarrollo equitativo de la sociedad rural son algunos de los retos que la Ingenier\u00eda Agr\u00edcola deber\u00e1 enfrentar en el futuro cercano. Estos retos deber\u00e1n ser abarcados mediante la formaci\u00f3n de capacidades al m\u00e1s alto nivel con una visi\u00f3n de desarrollo rural basado en una agricultura que considere todas las fases de la cadena de productiva (producci\u00f3n, post-cosecha, valor agregado, comercializaci\u00f3n), con un enfoque integral y participativo; y bajo criterios de eficiencia, equidad, competitividad y sostenibilidad dentro del marco jur\u00eddico-legal existente. Superar estos retos y alcanzar las metas propuestas permitir\u00e1 al Programa Acad\u00e9mico de Ingenier\u00eda Agr\u00edcola posicionarse a\u00fan mas y ser referente a nivel regional, nacional e internacional.<\/p>\n<p><strong>Programaci\u00f3n de Evento<\/strong><\/p>\n<p>Fecha:<\/p>\n<p>Viernes 23 de noviembre de 2018<\/p>\n<p>Lugar:<\/p>\n<p>Edificio No. B23 \u2013Multitaller \/ Facultad de Ciencias Naturales y Exactas<\/p>\n<p>3:00 \u2013 3:30 pm<\/p>\n<p>Registro<\/p>\n<p>3:30 pm \u2013 4:00 pm<\/p>\n<p>Saludo de Bienvenida<\/p>\n<p>Himnos<\/p>\n<p>Instalaci\u00f3n de Mesa Principal<\/p>\n<p>Intervenci\u00f3n Decano Facultad de Ingenier\u00eda Dr. Carlos Arturo Lozano Moncada<\/p>\n<p>Intervenci\u00f3n Director Escuela EIDENAR Dr. Yesid Carvajal Escobar<\/p>\n<p>Intervenci\u00f3n Director Programa Acad\u00e9mico, Dr. Norberto Urrutia Cobo<\/p>\n<p>4:00 pm \u2013 4:30 pm<\/p>\n<p>Conferencia:<\/p>\n<p>Los Avances en el Conocimiento del Recurso H\u00eddrico Superficial y Subterr\u00e1neo del Valle del Cauca \u2013 Ing. H\u00e9ctor Fabio Aristizabal R., PhD. &#8211; Director T\u00e9cnico Ambiental \u2013 Corporaci\u00f3n Aut\u00f3noma Regional del Valle del Cauca, CVC.<\/p>\n<p>4:30 pm \u2013 5:00 pm<\/p>\n<p>Conferencia:<\/p>\n<p>Agricultura Hidrol\u00f3gica. Lanzamiento del Libro Agricultura Hidrol\u00f3gica<\/p>\n<p>Dr. Jairo G\u00f3mez Zambrano \u2013 Ing. Agr\u00f3nomo \u2013 Docente Universidad Nacional de Colombia,<\/p>\n<p>5:15 pm \u2013 6:00<\/p>\n<p>Entrega de Distinciones<\/p>\n<p>Instituciones<\/p>\n<p>Directores de Carrera<\/p>\n<p>Egresados<\/p>\n<p>Estudiantes<\/p>\n<p>Personal de Apoyo<\/p>\n<p>6:00 pm \u2013 6:15 pm<\/p>\n<p>Campa\u00f1a \u201cTu Regalo mi Navidad\u201d \u2013 Ing. Maricela Trejos Arroyabe<\/p>\n<p>6:15 pm<\/p>\n<p>Brindis \u2013 Dr. Oscar Chaparro Anaya \u2013 Decano Facultad de Ingenier\u00eda y Administraci\u00f3n, Universidad Nacional de Colombia, Sede Palmira.<\/p>\n<p>6:30 pm<\/p>\n<p>Cena<\/p>\n<p>Evento de Integraci\u00f3n<\/p>\n<p><strong>Lugar:\u00a0<\/strong>Universidad del Valle \u2013 Edificio Multitaller (E23)<\/p>\n<p><strong>Fecha:<\/strong>\u00a0Viernes 23 de noviembre de 2018<\/p>\n<p><strong>Hora:<\/strong>\u00a03 pm a 12 pm<\/p>\n<p><strong>Mayor Informaci\u00f3n:<\/strong><\/p>\n<p>Contacto: Ing. Norberto Urrutia Cobo \u2013 Director Programa de Ingenier\u00eda Agr\u00edcola<\/p>\n<p>Celular: 3122577516<\/p>\n<p>Email:\u00a0<span id=\"cloak62ae9f0c420984ce05759180bdc8c0bb\"><a href=\"mailto:norberto.urrutia@correounivalle.edu.co\">norberto.urrutia@correounivalle.edu.co<\/a><\/span><\/p>\n<p><span id=\"cloakddf7b63049e2a4e4bb1fff39e0fccfe8\"><a href=\"mailto:programa.ingenieriagricola@correounivalle.edu.co\">programa.ingenieriagricola@correounivalle.edu.co<\/a><\/span><\/p>\n<p>&nbsp;<\/p>\n<\/div>\n","protected":false},"excerpt":{"rendered":"<p>Agencia de Noticias Univalle El Programa Acad\u00e9mico de Ingenier\u00eda Agr\u00edcola de la Facultad de Ingenier\u00eda de la Universidad del Valle, para celebrar 50 A\u00f1os de creaci\u00f3n, ha desarrollado una serie de actividades acad\u00e9micas, deportivas, sociales y culturales. El evento central de las actividades conmemorativas ser\u00e1 el viernes 23 de noviembre,[&#8230;]<\/p>\n","protected":false},"author":1,"featured_media":20699,"comment_status":"open","ping_status":"open","sticky":false,"template":"","format":"standard","meta":{"footnotes":""},"categories":[4],"tags":[],"_links":{"self":[{"href":"https:\/\/emisora.univalle.edu.co\/index.php\/wp-json\/wp\/v2\/posts\/20698"}],"collection":[{"href":"https:\/\/emisora.univalle.edu.co\/index.php\/wp-json\/wp\/v2\/posts"}],"about":[{"href":"https:\/\/emisora.univalle.edu.co\/index.php\/wp-json\/wp\/v2\/types\/post"}],"author":[{"embeddable":true,"href":"https:\/\/emisora.univalle.edu.co\/index.php\/wp-json\/wp\/v2\/users\/1"}],"replies":[{"embeddable":true,"href":"https:\/\/emisora.univalle.edu.co\/index.php\/wp-json\/wp\/v2\/comments?post=20698"}],"version-history":[{"count":1,"href":"https:\/\/emisora.univalle.edu.co\/index.php\/wp-json\/wp\/v2\/posts\/20698\/revisions"}],"predecessor-version":[{"id":20700,"href":"https:\/\/emisora.univalle.edu.co\/index.php\/wp-json\/wp\/v2\/posts\/20698\/revisions\/20700"}],"wp:featuredmedia":[{"embeddable":true,"href":"https:\/\/emisora.univalle.edu.co\/index.php\/wp-json\/wp\/v2\/media\/20699"}],"wp:attachment":[{"href":"https:\/\/emisora.univalle.edu.co\/index.php\/wp-json\/wp\/v2\/media?parent=20698"}],"wp:term":[{"taxonomy":"category","embeddable":true,"href":"https:\/\/emisora.univalle.edu.co\/index.php\/wp-json\/wp\/v2\/categories?post=20698"},{"taxonomy":"post_tag","embeddable":true,"href":"https:\/\/emisora.univalle.edu.co\/index.php\/wp-json\/wp\/v2\/tags?post=20698"}],"curies":[{"name":"wp","href":"https:\/\/api.w.org\/{rel}","templated":true}]}}