{"id":20715,"date":"2018-12-05T15:00:56","date_gmt":"2018-12-05T20:00:56","guid":{"rendered":"https:\/\/emisora.univalle.edu.co\/?p=20715"},"modified":"2018-12-05T15:00:56","modified_gmt":"2018-12-05T20:00:56","slug":"inicio-jornada-de-gestion-ambiental","status":"publish","type":"post","link":"https:\/\/emisora.univalle.edu.co\/index.php\/inicio-jornada-de-gestion-ambiental\/","title":{"rendered":"Inici\u00f3 Jornada de gesti\u00f3n Ambiental"},"content":{"rendered":"<p><span class=\"authorPost\">Agencia de Noticias Univalle<\/span><\/p>\n<div class=\"itemFullText\">\n<p>Con la participaci\u00f3n y apoyo de autoridades ambientales como el Dagma y la CVC y de empresas privadas como Carvajal Empaques y la Asociaci\u00f3n de Recicladores ARAC 22 inici\u00f3 la Jornada de Gesti\u00f3n Ambiental en la Universidad del Valle, que se realiza este mi\u00e9rcoles 5 y ma\u00f1ana jueves 6 de diciembre.<\/p>\n<p>Durante la jornada se instalaron carpas, frente al Edificio de Administraci\u00f3n Central (E1) que albergaron expositores como Carvajal Empaques que dict\u00f3 charlas sobre el reciclaje y reuso de empaques de incopor, pl\u00e1stico, vidrios y tetrapack y otros materiales.<\/p>\n<p>El evento continuar\u00e1 el jueves 6 de diciembre en el campus de San Fernando, con las mismas actividades que buscan sensibilizar sobre el cuidado del medio ambiente y divulgar la pol\u00edtica de Gesti\u00f3n Ambiental, aprobada en el 2014 por el Consejo Superior de la Universidad.<\/p>\n<p>La Jornada inici\u00f3 con la siembre de 70 \u00e1rboles nativos del bosque seco tropical, en la zona que colinda con la Calle 16, en el campus de Mel\u00e9ndez. Las plantas se obtuvieron de semillas sembradas en el Herbario de la Universidad y se resembraron con el apoyo del grupo Hera de la Facultad de Ciencias Sociales y Econ\u00f3micas.<\/p>\n<p>Uno de las labores que m\u00e1s llam\u00f3 la atenci\u00f3n fue una representaci\u00f3n teatral, actuada por los funcionarios de la secci\u00f3n de Servicios Varios, incluidos los de aseo y jardiner\u00eda, que explica, instruye e ilustra sobre el adecuado dep\u00f3sito de residuos y las posibilidades de reuso. Adem\u00e1s, los actores de la obra de teatro llegan a las oficinas acompa\u00f1ados de una murga con tambores y de otros instrumentos musicales.<\/p>\n<p>Otra de las actividades estuvo a cargo de funcionarios que disfrazados de payasos recorren otras dependencias explicando, con humor, la forma adecuada de depositar las basuras.<\/p>\n<p>Vale resaltar como parte de la jornada se realiz\u00f3 un concurso de fotograf\u00eda, denominado enf\u00f3cate en el ambiente, en el que la comunidad universitaria escoge al ganador, gracias a que fueron expuestos en la p\u00e1gina de Facebook. Otro de los concursos<\/p>\n<p>Tambi\u00e9n se efectu\u00f3 un concurso de poes\u00eda y el jueves se dar\u00e1 a conocer el nombre de quienes ganan en los dos eventos.<\/p>\n<p>Las tareas programadas durante la jornada incluyen la presentaci\u00f3n de un documental, en la Sala Baena de la Escuela de Ciencias del Lenguaje, a las 3:00 p.m. filmado en siete lugares de diferentes partes del mundo, sobre el impacto ambiental que causan los desechos de 4 industrias. Adem\u00e1s, se presentar\u00e1 la orquesta de m\u00fasica que hacer de la jornada una fiesta ambiental.<\/p>\n<p>La pol\u00edtica de gesti\u00f3n ambiental y el convenio con la empresa asociativa de recicladores de la comuna 22 le ha permitido a la Universidad reducir, en un alto porcentaje, los costos de recolecci\u00f3n de residuos.<\/p>\n<p>La Jornada de Gesti\u00f3n Ambiental es organizada por la Secci\u00f3n de Servicios Varios y el grupo Gera, con el apoyo de Carvajal Empaques, la Secci\u00f3n AGA de la Escuela de Ingenier\u00eda de los Recursos Naturales y del Ambiente, Carvajal Empaques, Recicoplast, Dagma, CVC, ARAC 22, Fonvalle y Fetrabuv.<\/p>\n<p>Programaci\u00f3n completa:\u00a0<a href=\"http:\/\/serviciosvarios.univalle.edu.co\/\">http:\/\/serviciosvarios.univalle.edu.co\/<\/a><\/p>\n<\/div>\n","protected":false},"excerpt":{"rendered":"<p>Agencia de Noticias Univalle Con la participaci\u00f3n y apoyo de autoridades ambientales como el Dagma y la CVC y de empresas privadas como Carvajal Empaques y la Asociaci\u00f3n de Recicladores ARAC 22 inici\u00f3 la Jornada de Gesti\u00f3n Ambiental en la Universidad del Valle, que se realiza este mi\u00e9rcoles 5 y[&#8230;]<\/p>\n","protected":false},"author":1,"featured_media":20716,"comment_status":"open","ping_status":"open","sticky":false,"template":"","format":"standard","meta":{"footnotes":""},"categories":[4],"tags":[],"_links":{"self":[{"href":"https:\/\/emisora.univalle.edu.co\/index.php\/wp-json\/wp\/v2\/posts\/20715"}],"collection":[{"href":"https:\/\/emisora.univalle.edu.co\/index.php\/wp-json\/wp\/v2\/posts"}],"about":[{"href":"https:\/\/emisora.univalle.edu.co\/index.php\/wp-json\/wp\/v2\/types\/post"}],"author":[{"embeddable":true,"href":"https:\/\/emisora.univalle.edu.co\/index.php\/wp-json\/wp\/v2\/users\/1"}],"replies":[{"embeddable":true,"href":"https:\/\/emisora.univalle.edu.co\/index.php\/wp-json\/wp\/v2\/comments?post=20715"}],"version-history":[{"count":1,"href":"https:\/\/emisora.univalle.edu.co\/index.php\/wp-json\/wp\/v2\/posts\/20715\/revisions"}],"predecessor-version":[{"id":20717,"href":"https:\/\/emisora.univalle.edu.co\/index.php\/wp-json\/wp\/v2\/posts\/20715\/revisions\/20717"}],"wp:featuredmedia":[{"embeddable":true,"href":"https:\/\/emisora.univalle.edu.co\/index.php\/wp-json\/wp\/v2\/media\/20716"}],"wp:attachment":[{"href":"https:\/\/emisora.univalle.edu.co\/index.php\/wp-json\/wp\/v2\/media?parent=20715"}],"wp:term":[{"taxonomy":"category","embeddable":true,"href":"https:\/\/emisora.univalle.edu.co\/index.php\/wp-json\/wp\/v2\/categories?post=20715"},{"taxonomy":"post_tag","embeddable":true,"href":"https:\/\/emisora.univalle.edu.co\/index.php\/wp-json\/wp\/v2\/tags?post=20715"}],"curies":[{"name":"wp","href":"https:\/\/api.w.org\/{rel}","templated":true}]}}