{"id":20721,"date":"2018-12-05T15:06:33","date_gmt":"2018-12-05T20:06:33","guid":{"rendered":"https:\/\/emisora.univalle.edu.co\/?p=20721"},"modified":"2018-12-05T15:06:33","modified_gmt":"2018-12-05T20:06:33","slug":"sandra-patricia-alfaro-barragan-es-egresadauv","status":"publish","type":"post","link":"https:\/\/emisora.univalle.edu.co\/index.php\/sandra-patricia-alfaro-barragan-es-egresadauv\/","title":{"rendered":"Sandra Patricia Alfaro Barrag\u00e1n es #EgresadaUV"},"content":{"rendered":"<p><a class=\"yt-simple-endpoint style-scope yt-formatted-string\" spellcheck=\"false\" href=\"https:\/\/www.youtube.com\/results?search_query=%23OrgulloUV\">#OrgulloUV<\/a> Sandra Patricia Alfaro Barrag\u00e1n es <a class=\"yt-simple-endpoint style-scope yt-formatted-string\" spellcheck=\"false\" href=\"https:\/\/www.youtube.com\/results?search_query=%23EgresadaUV\">#EgresadaUV<\/a> del programa de Licenciatura en Biolog\u00eda y Qu\u00edmica, actualmente, se desempe\u00f1a como Nutricionista y Dietista en el Centro M\u00e9dico Imbanaco, organizaci\u00f3n de la cual es socia. Este a\u00f1o la Doctora Sandra Patricia recibi\u00f3 el reconocimiento como Nutricionista No. 1 para Am\u00e9rica Latina y el Caribe.<\/p>\n<p style=\"text-align: center;\"><iframe loading=\"lazy\" src=\"https:\/\/www.youtube.com\/embed\/g2UDFMPUkDs\" width=\"560\" height=\"315\" frameborder=\"0\" allowfullscreen=\"allowfullscreen\"><\/iframe><\/p>\n","protected":false},"excerpt":{"rendered":"<p>#OrgulloUV Sandra Patricia Alfaro Barrag\u00e1n es #EgresadaUV del programa de Licenciatura en Biolog\u00eda y Qu\u00edmica, actualmente, se desempe\u00f1a como Nutricionista y Dietista en el Centro M\u00e9dico Imbanaco, organizaci\u00f3n de la cual es socia. Este a\u00f1o la Doctora Sandra Patricia recibi\u00f3 el reconocimiento como Nutricionista No. 1 para Am\u00e9rica Latina y[&#8230;]<\/p>\n","protected":false},"author":1,"featured_media":20722,"comment_status":"open","ping_status":"open","sticky":false,"template":"","format":"standard","meta":{"footnotes":""},"categories":[4],"tags":[],"_links":{"self":[{"href":"https:\/\/emisora.univalle.edu.co\/index.php\/wp-json\/wp\/v2\/posts\/20721"}],"collection":[{"href":"https:\/\/emisora.univalle.edu.co\/index.php\/wp-json\/wp\/v2\/posts"}],"about":[{"href":"https:\/\/emisora.univalle.edu.co\/index.php\/wp-json\/wp\/v2\/types\/post"}],"author":[{"embeddable":true,"href":"https:\/\/emisora.univalle.edu.co\/index.php\/wp-json\/wp\/v2\/users\/1"}],"replies":[{"embeddable":true,"href":"https:\/\/emisora.univalle.edu.co\/index.php\/wp-json\/wp\/v2\/comments?post=20721"}],"version-history":[{"count":1,"href":"https:\/\/emisora.univalle.edu.co\/index.php\/wp-json\/wp\/v2\/posts\/20721\/revisions"}],"predecessor-version":[{"id":20723,"href":"https:\/\/emisora.univalle.edu.co\/index.php\/wp-json\/wp\/v2\/posts\/20721\/revisions\/20723"}],"wp:featuredmedia":[{"embeddable":true,"href":"https:\/\/emisora.univalle.edu.co\/index.php\/wp-json\/wp\/v2\/media\/20722"}],"wp:attachment":[{"href":"https:\/\/emisora.univalle.edu.co\/index.php\/wp-json\/wp\/v2\/media?parent=20721"}],"wp:term":[{"taxonomy":"category","embeddable":true,"href":"https:\/\/emisora.univalle.edu.co\/index.php\/wp-json\/wp\/v2\/categories?post=20721"},{"taxonomy":"post_tag","embeddable":true,"href":"https:\/\/emisora.univalle.edu.co\/index.php\/wp-json\/wp\/v2\/tags?post=20721"}],"curies":[{"name":"wp","href":"https:\/\/api.w.org\/{rel}","templated":true}]}}