{"id":20730,"date":"2018-12-06T11:18:36","date_gmt":"2018-12-06T16:18:36","guid":{"rendered":"https:\/\/emisora.univalle.edu.co\/?p=20730"},"modified":"2018-12-06T11:18:36","modified_gmt":"2018-12-06T16:18:36","slug":"dia-del-sociologo-en-la-universidad-del-valle","status":"publish","type":"post","link":"https:\/\/emisora.univalle.edu.co\/index.php\/dia-del-sociologo-en-la-universidad-del-valle\/","title":{"rendered":"D\u00eda del Soci\u00f3logo en la Universidad del Valle"},"content":{"rendered":"<p><span class=\"authorPost\">Agencia de Noticias Univalle<\/span><\/p>\n<div class=\"itemFullText\">\n<p>Con la charla &#8216;Los or\u00edgenes de la sociolog\u00eda profesional en Colombia: la Facultad de Sociolog\u00eda de la Universidad Nacional (1959-1970) el Departamento de Ciencias Sociales y el Grupo de Investigaci\u00f3n en Sociedad, Historia y Cultura de la Universidad del Valle celebran el d\u00eda del Soci\u00f3logo, este viernes 7 de diciembre, a las 10:00 a.m, en el Auditorio Antonio J. Posada.<\/p>\n<p>La charla corresponde a la serie de encuentros de Charlas de los Viernes, en el marco conmemorativo del D\u00eda del Soci\u00f3logo en Colombia, que se celebra el lunes 10 de diciembre.<\/p>\n<p>El conferencista es Jaime Eduardo Jaramillo, Ph.D. en Sociolog\u00eda y Ciencias de la Comunicaci\u00f3n de la Universidad Complutense de Madrid y profesor del Centro de Estudios Sociales (CES) de la Universidad Nacional de Colombia. Adem\u00e1s autor del libro \u201cEstudiar y hacer sociolog\u00eda en Colombia en los a\u00f1os 60\u201d, donde a partir de un detallado an\u00e1lisis devela c\u00f3mo fue el proceso de profesionalizaci\u00f3n de esta ciencia social en el pa\u00eds.<\/p>\n<p>La entrada es libre y se ofrecer\u00e1 una peque\u00f1a recepci\u00f3n.<\/p>\n<p><strong>Inicios de una destacada trayectoria acad\u00e9mica<\/strong><\/p>\n<p>El Instituto de Sociolog\u00eda de la Universidad Nacional de Colombia fue fundado en 1959 por un grupo de prestigiosos acad\u00e9micos como Orlando Fals Borda, el sacerdote y soci\u00f3logo Camilo Torres Restrepo y la antrop\u00f3loga social Virginia Guti\u00e9rrez de Pineda.<\/p>\n<p>En 1960 fue creada la Facultad de Sociolog\u00eda donde confluyeron dos vertientes sociol\u00f3gicas de gran prestigio como la norteamericana y la europea pues Fals Borda realiz\u00f3 estudios de pregrado en Literatura Inglesa en la Universidad de Dubuque, hizo la maestr\u00eda en sociolog\u00eda en la Universidad de Minnesota y obtuvo el grado de Ph. D. en Sociolog\u00eda de la Universidad de la Florida en 1955; en el caso de Camilo Torres su formaci\u00f3n como soci\u00f3logo fue en la Universidad Cat\u00f3lica de Lovaina en B\u00e9lgica.<\/p>\n<p>Para la construcci\u00f3n de la sede f\u00edsica y el apoyo a la investigaci\u00f3n se cont\u00f3 con el apoyo de las fundaciones Ford, Rockefeller y Fullbright, en el marco de la Alianza por el progreso\u201d, promovida por el gobierno norteamericano. Como primer decano de la facultad fue nombrado Orlando Fals Borda, quien para la \u00e9poca tambi\u00e9n se desempe\u00f1aba como Director del Ministerio de Agricultura.<\/p>\n<p>En 1964 se cre\u00f3 el Programa Latinoamericano de Estudios para el Desarrollo (PLEDES), primer posgrado de sociolog\u00eda en el pa\u00eds. En este per\u00edodo tambi\u00e9n fue organizado el VII Congreso Latinoamericano de Sociolog\u00eda, que es hasta la fecha el \u00fanico desarrollado en su orden en Colombia.<\/p>\n<p>En esta primera etapa de la sociolog\u00eda en la Universidad Nacional de Colombia las investigaciones se orientaron principalmente a tem\u00e1ticas como las zonas de violencia, la acci\u00f3n comunal, la reforma agraria, la pobreza urbana, la educaci\u00f3n y el trabajo; posteriormente hacia 1968 con la Reforma del Plan de Estudios se abordan tambi\u00e9n una perspectiva m\u00e1s amplia a partir del estudio del discurso del desarrollo, la dependencia y la planificaci\u00f3n en un contexto global.<\/p>\n<p>Informes: Departamento de Ciencias Sociales<\/p>\n<p>Email:\u00a0<span id=\"cloak48666d225ed0c4ad63c6b1e206ff49c2\"><a href=\"mailto:desocial@correounivalle.edu.co\">desocial@correounivalle.edu.co<\/a><\/span>\u00a0&#8211;\u00a0<span id=\"cloak9f4acaa9d9e3cdccbcbb2cd764c9a0c6\"><a href=\"mailto:comunica.socioeconomia@correounivalle.edu.co\">comunica.socioeconomia@correounivalle.edu.co<\/a><\/span><\/p>\n<p>Tel: 3212322 &#8211; 3212100 (3176)<\/p>\n<\/div>\n","protected":false},"excerpt":{"rendered":"<p>Agencia de Noticias Univalle Con la charla &#8216;Los or\u00edgenes de la sociolog\u00eda profesional en Colombia: la Facultad de Sociolog\u00eda de la Universidad Nacional (1959-1970) el Departamento de Ciencias Sociales y el Grupo de Investigaci\u00f3n en Sociedad, Historia y Cultura de la Universidad del Valle celebran el d\u00eda del Soci\u00f3logo, este[&#8230;]<\/p>\n","protected":false},"author":1,"featured_media":20731,"comment_status":"open","ping_status":"open","sticky":false,"template":"","format":"standard","meta":{"footnotes":""},"categories":[4],"tags":[],"_links":{"self":[{"href":"https:\/\/emisora.univalle.edu.co\/index.php\/wp-json\/wp\/v2\/posts\/20730"}],"collection":[{"href":"https:\/\/emisora.univalle.edu.co\/index.php\/wp-json\/wp\/v2\/posts"}],"about":[{"href":"https:\/\/emisora.univalle.edu.co\/index.php\/wp-json\/wp\/v2\/types\/post"}],"author":[{"embeddable":true,"href":"https:\/\/emisora.univalle.edu.co\/index.php\/wp-json\/wp\/v2\/users\/1"}],"replies":[{"embeddable":true,"href":"https:\/\/emisora.univalle.edu.co\/index.php\/wp-json\/wp\/v2\/comments?post=20730"}],"version-history":[{"count":1,"href":"https:\/\/emisora.univalle.edu.co\/index.php\/wp-json\/wp\/v2\/posts\/20730\/revisions"}],"predecessor-version":[{"id":20732,"href":"https:\/\/emisora.univalle.edu.co\/index.php\/wp-json\/wp\/v2\/posts\/20730\/revisions\/20732"}],"wp:featuredmedia":[{"embeddable":true,"href":"https:\/\/emisora.univalle.edu.co\/index.php\/wp-json\/wp\/v2\/media\/20731"}],"wp:attachment":[{"href":"https:\/\/emisora.univalle.edu.co\/index.php\/wp-json\/wp\/v2\/media?parent=20730"}],"wp:term":[{"taxonomy":"category","embeddable":true,"href":"https:\/\/emisora.univalle.edu.co\/index.php\/wp-json\/wp\/v2\/categories?post=20730"},{"taxonomy":"post_tag","embeddable":true,"href":"https:\/\/emisora.univalle.edu.co\/index.php\/wp-json\/wp\/v2\/tags?post=20730"}],"curies":[{"name":"wp","href":"https:\/\/api.w.org\/{rel}","templated":true}]}}