{"id":20733,"date":"2018-12-11T14:52:02","date_gmt":"2018-12-11T19:52:02","guid":{"rendered":"https:\/\/emisora.univalle.edu.co\/?p=20733"},"modified":"2018-12-11T14:52:02","modified_gmt":"2018-12-11T19:52:02","slug":"egresada-participa-en-pelicula-galardonada-en-europa","status":"publish","type":"post","link":"https:\/\/emisora.univalle.edu.co\/index.php\/egresada-participa-en-pelicula-galardonada-en-europa\/","title":{"rendered":"Egresada participa en pel\u00edcula galardonada en Europa"},"content":{"rendered":"<p><span class=\"authorPost\">Agencia de Noticias Univalle<\/span><\/p>\n<div class=\"itemFullText\">\n<p><em>elaborado con informaci\u00f3n de la W &#8211; El Tiempo &#8211; El Espectador &#8211; Proim\u00e1genes<\/em><\/p>\n<p>La cinta La ni\u00f1a errante, dirigida por Rub\u00e9n Mendoza, que cont\u00f3 con la participaci\u00f3n de la actriz y documentalista Lina Marcela S\u00e1nchez Calder\u00f3n, egresada de la Escuela de Comunicaci\u00f3n Social de Univalle, gan\u00f3 el Lobo de Oro del Festival de Cine de Tallinn, Estonia, en las categor\u00edas de Mejor Pel\u00edcula y Mejor Banda Sonora.<\/p>\n<p>Al hablar de la pel\u00edcula, Lina Marcela, quien particip\u00f3 como una de las actrices principales, cuenta que es una historia de cuatro mujeres medio hermanas que tienen que tomar una decisi\u00f3n despu\u00e9s de que el padre de ellas fallece por un accidente de tr\u00e1nsito. Tienen que tomar la decisi\u00f3n de dejar a la hermana menor en manos de una t\u00eda porque ella queda hu\u00e9rfana y emprenden una traves\u00eda que empieza en el suroccidente colombiano y termina en el Atl\u00e1ntico para dejar a la ni\u00f1a. \u201cEs una historia que habla sobre lo que nos toca a las mujeres en un pa\u00eds como Colombia, hu\u00e9rfano de padres muchas veces y es una pel\u00edcula que est\u00e1 muy cargada de un universo emocional femenino muy importante que no solamente se transforma en la historia, sino en todo el rodaje, la comunicaci\u00f3n que tuvimos con Rub\u00e9n (Mendoza, el director) fue maravillosa, fue una comunicaci\u00f3n muy asertiva, desde la sonoridad y eso es lo que transmite la pel\u00edcula, no solamente en los paisajes, sino en la estructura de los di\u00e1logos y de la relaci\u00f3n de las hermanas\u201d, relata.<\/p>\n<p>Lina naci\u00f3 en Bogot\u00e1 en 1991 y a los cuatro a\u00f1os se radica en Cali con su mam\u00e1 A nosotras nos cambia un poco la vida all\u00ed, yo siempre he agradecido mucho por ese viaje repentino que tuvo mi madre, porque mi vida en Cali tom\u00f3 un rumbo muy distinto al que una citadina bogotana podr\u00eda tener y afortunadamente yo a los 17 a\u00f1os entr\u00e9 a la universidad p\u00fablica, la soy una feliz egresada de esa universidad, una de nuestras universidades p\u00fablicas que hoy luchan por la calidad de educaci\u00f3n que se necesita en nuestro pa\u00eds\u201d, Comenta Lina.<\/p>\n<p>Recuerda que trabaj\u00f3 en la Universidad del Valle en proyectos de intervenci\u00f3n social de la mano con Mar\u00eda Victoria Polanco. \u201cElla es una persona maravillosa. Estuve trabajando en gesti\u00f3n de residuos s\u00f3lidos, hice documentales, trabaj\u00e9 con medios comunitarios, hice un documental como directora \u2018Luces en mi casa\u2019. Apoy\u00e9 varios documentales de la Escuela de Comunicaci\u00f3n Social. Siempre de la mano del cine comunitario, haciendo alianzas, trabajando por un cine mucho m\u00e1s inclusivo, uno que defienda los derechos humanos y que vele un poco por la voz de las minor\u00edas, entre ellas, la voz de las mujeres, que muchas veces en los medios queda estereotipada\u201d.<\/p>\n<p>\u201cQuiero enviar un saludo a mis hermanas errantes, a Rub\u00e9n por esta gran pel\u00edcula. Un abrazo a todas las mujeres que se luchan todos los d\u00edas este pa\u00eds que nos da todav\u00eda muchas m\u00e1s luchas y al movimiento al estudiantil\u201d, dice con emoci\u00f3n la actriz.<\/p>\n<p>Seg\u00fan la sinopsis de Proim\u00e1genes Colombia, la pel\u00edcula narra la historia de \u00c1ngela, una ni\u00f1a que va muda y sola de la ciudad a un r\u00edo enredado en carrileras antiguas y una espesa selva: parece llevar una pena terrible a las entra\u00f1as de esa belleza. tiene 12 a\u00f1os y tres hermanastras cercanas a los 30. Todas, hijas de un vago carism\u00e1tico que acaba de morir, se encuentran por primera vez en el funeral. \u00c1ngela, que no ha conocido a un solo familiar diferente a su pap\u00e1 y ni siquiera recuerda a su mam\u00e1, debe buscar un hogar atravesando medio pa\u00eds con sus hermanastras, que aceptan llevarla antes de dejarla al cuidado del estado.<br \/>\nEn este viaje de duelo, especialmente en los cuatro d\u00edas que por un derrumbe en la carretera deben permanecer compartiendo un cuarto en un hotelucho del camino, \u00c1ngela reconocer\u00e1 con cada una de sus hermanastras la feminidad, la sensualidad, los misterios del placer y del dolor, el cuerpo y la desgracia y el reto de ser mujer en estas tierras. &#8216;Ni\u00f1a Errante&#8217; tuvo su estreno mundial el pasado el 25 de noviembre y llegar\u00e1 a las salas de cine de Colombia el pr\u00f3ximo a\u00f1o.<\/p>\n<p>El rodaje dur\u00f3 m\u00e1s de seis semanas, de una ruta dise\u00f1ada por casi cuatro a\u00f1os, desde el r\u00edo San Cipriano, al lado del Pac\u00edfico sur colombiano, hasta Dibulla, en el Atl\u00e1ntico norte. Se desarroll\u00f3 de forma itinerante el Valle del Cauca, Eje cafetero, Tolima, Guajira y Bol\u00edvar. Las actrices colombianas Sof\u00eda Paz, Carolina Ram\u00edrez (La pola, La hija del mariachi, La reina del flow), Lina S\u00e1nchez y Mar\u00eda Camila Mej\u00eda integran el elenco protag\u00f3nico de este filme.<\/p>\n<p>En palabras del director, \u00ab&#8216;Ni\u00f1a errante&#8217; narra el viaje que cuatro hermanas medias hacen de oc\u00e9ano a oc\u00e9ano de Colombia, y de sur a norte. Es un viaje sobre el significado particular que tiene para una ni\u00f1a, una mujer, una hu\u00e9rfana, una nueva solitaria, atravesar un pa\u00eds como el nuestro\u00bb.<\/p>\n<p>Esta producci\u00f3n colombo-francesa adem\u00e1s recibi\u00f3 el premio Est\u00edmulo Integral en las convocatorias del Fondo para el Desarrollo Cinematogr\u00e1fico \u2013 FDC 2015, particip\u00f3 dentro de la secci\u00f3n Cine en Construcci\u00f3n en San Sebasti\u00e1n 2017 y tiene previsto su estreno en cartelera nacional para el primer semestre de 2019.<\/p>\n<p>Rub\u00e9n Mendoza, el muy conocido realizador de la pel\u00edcula quien dirigi\u00f3 La sociedad del sem\u00e1foro y Tierra en la lengua, produjo la pel\u00edcula La ni\u00f1a errante con un est\u00edmulo integral obtenido a trav\u00e9s del Fondo de Desarrollo Cinematogr\u00e1fico. Mendoza gan\u00f3 en la pasada edici\u00f3n del Festival de Cine de Cartagena de Indias (FICCI) y en el festival de cine de Locarno por su documental Se\u00f1orita Mar\u00eda.<\/p>\n<\/div>\n","protected":false},"excerpt":{"rendered":"<p>Agencia de Noticias Univalle elaborado con informaci\u00f3n de la W &#8211; El Tiempo &#8211; El Espectador &#8211; Proim\u00e1genes La cinta La ni\u00f1a errante, dirigida por Rub\u00e9n Mendoza, que cont\u00f3 con la participaci\u00f3n de la actriz y documentalista Lina Marcela S\u00e1nchez Calder\u00f3n, egresada de la Escuela de Comunicaci\u00f3n Social de Univalle,[&#8230;]<\/p>\n","protected":false},"author":1,"featured_media":20734,"comment_status":"open","ping_status":"open","sticky":false,"template":"","format":"standard","meta":{"footnotes":""},"categories":[4],"tags":[],"_links":{"self":[{"href":"https:\/\/emisora.univalle.edu.co\/index.php\/wp-json\/wp\/v2\/posts\/20733"}],"collection":[{"href":"https:\/\/emisora.univalle.edu.co\/index.php\/wp-json\/wp\/v2\/posts"}],"about":[{"href":"https:\/\/emisora.univalle.edu.co\/index.php\/wp-json\/wp\/v2\/types\/post"}],"author":[{"embeddable":true,"href":"https:\/\/emisora.univalle.edu.co\/index.php\/wp-json\/wp\/v2\/users\/1"}],"replies":[{"embeddable":true,"href":"https:\/\/emisora.univalle.edu.co\/index.php\/wp-json\/wp\/v2\/comments?post=20733"}],"version-history":[{"count":1,"href":"https:\/\/emisora.univalle.edu.co\/index.php\/wp-json\/wp\/v2\/posts\/20733\/revisions"}],"predecessor-version":[{"id":20735,"href":"https:\/\/emisora.univalle.edu.co\/index.php\/wp-json\/wp\/v2\/posts\/20733\/revisions\/20735"}],"wp:featuredmedia":[{"embeddable":true,"href":"https:\/\/emisora.univalle.edu.co\/index.php\/wp-json\/wp\/v2\/media\/20734"}],"wp:attachment":[{"href":"https:\/\/emisora.univalle.edu.co\/index.php\/wp-json\/wp\/v2\/media?parent=20733"}],"wp:term":[{"taxonomy":"category","embeddable":true,"href":"https:\/\/emisora.univalle.edu.co\/index.php\/wp-json\/wp\/v2\/categories?post=20733"},{"taxonomy":"post_tag","embeddable":true,"href":"https:\/\/emisora.univalle.edu.co\/index.php\/wp-json\/wp\/v2\/tags?post=20733"}],"curies":[{"name":"wp","href":"https:\/\/api.w.org\/{rel}","templated":true}]}}