{"id":20753,"date":"2018-12-25T08:10:17","date_gmt":"2018-12-25T13:10:17","guid":{"rendered":"https:\/\/emisora.univalle.edu.co\/?p=20753"},"modified":"2018-12-25T08:10:17","modified_gmt":"2018-12-25T13:10:17","slug":"entre-los-ganadores-de-convocatoria-de-la-secretaria-de-paz-y-cultura-ciudadana-de-cali","status":"publish","type":"post","link":"https:\/\/emisora.univalle.edu.co\/index.php\/entre-los-ganadores-de-convocatoria-de-la-secretaria-de-paz-y-cultura-ciudadana-de-cali\/","title":{"rendered":"Entre los ganadores de convocatoria de la Secretar\u00eda de Paz y Cultura Ciudadana de Cali"},"content":{"rendered":"<p><span class=\"authorPost\">Agencia de Noticias Univalle<\/span><\/p>\n<div class=\"itemFullText\">\n<p>La Secretar\u00eda de Paz y Cultura Ciudadana de Cali premi\u00f3 a un grupo de estudiantes y un egresado de la Universidad del Valle que conforman la Red Cali de Rodeemos el Di\u00e1logo, una organizaci\u00f3n transnacional que apoya la soluci\u00f3n negociada de conflictos y aporta a la paz a trav\u00e9s del fortalecimiento de una cultura de di\u00e1logo.<\/p>\n<p>Rodeemos el di\u00e1logo Cali gan\u00f3 el segundo lugar dentro de esta convocatoria.<\/p>\n<p>El equipo de estudiantes lo integran los estudiantes de Estudios Pol\u00edticos y Resoluci\u00f3n de Conflictos Kelly Johana Casanova Ram\u00edrez, Ang\u00e9lica Mar\u00eda S\u00e1nchez Montenegro, Juan Felipe Delgado Cer\u00f3n, Guillermo Alberto Gonz\u00e1lez Zapata, Juan David Delgado Calder\u00f3n, Johan David Casta\u00f1o Caicedo y Freddy Hernando Alpal\u00e1 Cuesta y el egresado de la Licenciatura en Educaci\u00f3n B\u00e1sica con \u00e9nfasis en Ciencias Sociales Andr\u00e9s Felipe Ram\u00edrez Arcila.<\/p>\n<p>A trav\u00e9s del proyecto Iniciativas Sociales de Construcci\u00f3n de Paz &#8211; Paz Lab, la Secretar\u00eda de Paz premi\u00f3 a las iniciativas comunitarias que construyeran paz. Se seleccionaron 25 iniciativas comunitarias que recibieron capacitaciones de fortalecimiento de iniciativas de paz.<\/p>\n<p>Como resultado de todo el proceso, se seleccionaron 8 iniciativas que ser\u00e1n beneficiadas con un incentivo que les permitir\u00e1 fortalecer su ejercicio de construcci\u00f3n de paz en el territorio.<\/p>\n<p>Este equipo de trabajo inici\u00f3 sus labores en febrero de 2017, por el inter\u00e9s de poner en pr\u00e1ctica los conocimientos te\u00f3ricos adquiridos en el transcurso de la carrera, con el objetivo de hacerle frente a la profunda divisi\u00f3n que produjo en la sociedad colombiana el resultado del plebiscito realizado en octubre de 2016. Conocieron del proceso de Rodeemos el Di\u00e1logo &#8211; Bogot\u00e1 y se propusieron traer la iniciativa a la ciudad.<\/p>\n<p>El equipo Rodeemos el Di\u00e1logo Cali ha trabajado en colegios de car\u00e1cter p\u00fablico, privado y de educaci\u00f3n acelerada, realizando actividades en pro de la construcci\u00f3n de di\u00e1logo y de una cultura de la reconciliaci\u00f3n.<\/p>\n<p>Es de se\u00f1alar que los estudiantes involucrados en esta iniciativa realizaron sus pr\u00e1cticas en instituciones educativas, elaborando los contenidos de la c\u00e1tedra para la paz, como es el caso de Juan David Delgado Calder\u00f3n, Guillermo Gonz\u00e1lez Zapata, Juan Felipe Delgado Cer\u00f3n y del Licenciado Andr\u00e9s Felipe Ram\u00edrez Arcila.<\/p>\n<p>De la misma manera, Kelly Johana Casanova realiz\u00f3 sus pr\u00e1cticas en el departamento del Cesar, en la iniciativa Manos a la Paz del Programa de Naciones Unidas para el Desarrollo. A su vez, Ang\u00e9lica Mar\u00eda S\u00e1nchez Montenegro, Johan David Casta\u00f1o Caicedo y Freddy Alpal\u00e1 Cuesta desarrollaron sus pr\u00e1cticas en el Programa Institucional de Paz de Univalle con el acompa\u00f1amiento del profesor Julio C\u00e9sar Alvear Casta\u00f1eda.<\/p>\n<p>Rodeemos el Di\u00e1logo Cali particip\u00f3 en esta edici\u00f3n del programa Paz Lab gracias a la informaci\u00f3n facilitada por el profesor Carlos Wladimir G\u00f3mez C\u00e1rdenas, director del programa de Estudios Pol\u00edticos y Resoluci\u00f3n de Conflictos. \u201cEn este proceso formativo \u00e9l ha cumplido un rol importante, ya que adem\u00e1s de recalcar la importancia de la formaci\u00f3n te\u00f3rica, nos incentiva a participar de otros eventos e instancias que complementan nuestra formaci\u00f3n como profesionales del estudio de la pol\u00edtica y construcci\u00f3n de paz, y esta convocatoria iba en esa direcci\u00f3n\u201d, se\u00f1ala Freddy Hernando Alpal\u00e1 Cuesta, coordinador del equipo.<\/p>\n<p>El equipo de Rodeemos el Di\u00e1logo lleva a cabo sus labores en los colegios, enfatizando sobre la importancia de la reconciliaci\u00f3n en este momento de polarizaci\u00f3n pol\u00edtica que atraviesa el pa\u00eds. Mediante estrategias pedag\u00f3gicas incentiva el uso de herramientas cotidianas que permitan la resoluci\u00f3n dialogada de los conflictos.<\/p>\n<p>Dicha organizaci\u00f3n ha venido adelantando este trabajo en planteles educativos de manera voluntaria, con la misi\u00f3n de aportar a la construcci\u00f3n de paz en la formaci\u00f3n de una ciudadan\u00eda consciente de la importancia de la reconciliaci\u00f3n.<\/p>\n<p>Adem\u00e1s, relata Johan David Casta\u00f1o Caicedo, \u201cel proceso ha evolucionado m\u00e1s r\u00e1pido de lo esperado y los resultados obtenidos al d\u00eda de hoy han sido satisfactorios. En el a\u00f1o 2019 esperamos seguir creciendo como proceso y la idea es invitar a todo aquel que reflexione sobre el tema de construcci\u00f3n de paz\u201d.<\/p>\n<\/div>\n","protected":false},"excerpt":{"rendered":"<p>Agencia de Noticias Univalle La Secretar\u00eda de Paz y Cultura Ciudadana de Cali premi\u00f3 a un grupo de estudiantes y un egresado de la Universidad del Valle que conforman la Red Cali de Rodeemos el Di\u00e1logo, una organizaci\u00f3n transnacional que apoya la soluci\u00f3n negociada de conflictos y aporta a la[&#8230;]<\/p>\n","protected":false},"author":1,"featured_media":20754,"comment_status":"open","ping_status":"open","sticky":false,"template":"","format":"standard","meta":{"footnotes":""},"categories":[4],"tags":[],"_links":{"self":[{"href":"https:\/\/emisora.univalle.edu.co\/index.php\/wp-json\/wp\/v2\/posts\/20753"}],"collection":[{"href":"https:\/\/emisora.univalle.edu.co\/index.php\/wp-json\/wp\/v2\/posts"}],"about":[{"href":"https:\/\/emisora.univalle.edu.co\/index.php\/wp-json\/wp\/v2\/types\/post"}],"author":[{"embeddable":true,"href":"https:\/\/emisora.univalle.edu.co\/index.php\/wp-json\/wp\/v2\/users\/1"}],"replies":[{"embeddable":true,"href":"https:\/\/emisora.univalle.edu.co\/index.php\/wp-json\/wp\/v2\/comments?post=20753"}],"version-history":[{"count":2,"href":"https:\/\/emisora.univalle.edu.co\/index.php\/wp-json\/wp\/v2\/posts\/20753\/revisions"}],"predecessor-version":[{"id":20756,"href":"https:\/\/emisora.univalle.edu.co\/index.php\/wp-json\/wp\/v2\/posts\/20753\/revisions\/20756"}],"wp:featuredmedia":[{"embeddable":true,"href":"https:\/\/emisora.univalle.edu.co\/index.php\/wp-json\/wp\/v2\/media\/20754"}],"wp:attachment":[{"href":"https:\/\/emisora.univalle.edu.co\/index.php\/wp-json\/wp\/v2\/media?parent=20753"}],"wp:term":[{"taxonomy":"category","embeddable":true,"href":"https:\/\/emisora.univalle.edu.co\/index.php\/wp-json\/wp\/v2\/categories?post=20753"},{"taxonomy":"post_tag","embeddable":true,"href":"https:\/\/emisora.univalle.edu.co\/index.php\/wp-json\/wp\/v2\/tags?post=20753"}],"curies":[{"name":"wp","href":"https:\/\/api.w.org\/{rel}","templated":true}]}}