{"id":20757,"date":"2018-12-25T08:20:50","date_gmt":"2018-12-25T13:20:50","guid":{"rendered":"https:\/\/emisora.univalle.edu.co\/?p=20757"},"modified":"2018-12-25T08:20:50","modified_gmt":"2018-12-25T13:20:50","slug":"lista-la-programacion-de-la-calle-de-la-feria","status":"publish","type":"post","link":"https:\/\/emisora.univalle.edu.co\/index.php\/lista-la-programacion-de-la-calle-de-la-feria\/","title":{"rendered":"Lista la programaci\u00f3n de la Calle de la Feria"},"content":{"rendered":"<p>Noticia de Prensa Corfecali.<\/p>\n<p>Una n\u00f3mina de lujo tendr\u00e1 la Calle de la Feria este 29 y 30 de diciembre en la Autopista Suroriental, entre las carreras 56 y 39. En total ser\u00e1n tres tarimas a lo largo de la v\u00eda, en las que se podr\u00e1n disfrutar 40 agrupaciones, entre ellas 31 locales y nueve internacionales.<\/p>\n<p>Propios y visitantes podr\u00e1n disfrutar de todos estos artistas, pues la Calle de la Feria hace parte del 95 por ciento eventos feriales con acceso gratuito.\u00a0 El p\u00fablico podr\u00e1 disfrutar de esta descarga musical entre la 7:00 p.m. y la 1:00 a.m.<\/p>\n<p><strong><u>Diciembre 29:<\/u><\/strong><\/p>\n<p><strong>Tarima 1<\/strong>: Guayac\u00e1n, Oswaldo Rom\u00e1n, Pedro Conga, Chamaco Rivera, Los Niches, Cuarao en Salsa y Son Mujeres.<\/p>\n<p><strong>Tarima 2<\/strong>: Ray de la Paz, Andy Monta\u00f1ez, Jos\u00e9 Aguirre, Pichi P\u00e9rez, Clandeskina, Marea Brava y Mandinga.<\/p>\n<p><strong>Tarima 3<\/strong>: Bah\u00eda, Canela con Tania de Venezuela, Andy Caicedo, Cali Charanga y Hermes Manyoma.<\/p>\n<p><strong><u>Diciembre 30: \u00a0<\/u><\/strong><\/p>\n<p><strong><u>\u00a0<\/u><\/strong><strong>Tarima 1<\/strong>: Grupo Niche, Jos\u00e9 Mangual, La Fuga, D\u2019Cach\u00e9, Tito Murillo y Eddy Mart\u00ednez.<\/p>\n<p><strong>Tarima 2<\/strong>: \u00d3scar D\u00b4Le\u00f3n, Willy Garc\u00eda, Pupy Santiago, Kimbara, Suprema Corte y Manteca Blue.<\/p>\n<p><strong>Tarima 3<\/strong>: Nelson y sus Estrellas, Jimmy Saa, Gran Banda Cale\u00f1a, Gustavo Rodr\u00edguez, Mateca\u00f1a, Esteban Copete y su Kinteto Pac\u00edfico y Octava Dimensi\u00f3n.<\/p>\n","protected":false},"excerpt":{"rendered":"<p>Noticia de Prensa Corfecali. Una n\u00f3mina de lujo tendr\u00e1 la Calle de la Feria este 29 y 30 de diciembre en la Autopista Suroriental, entre las carreras 56 y 39. En total ser\u00e1n tres tarimas a lo largo de la v\u00eda, en las que se podr\u00e1n disfrutar 40 agrupaciones, entre[&#8230;]<\/p>\n","protected":false},"author":1,"featured_media":20758,"comment_status":"open","ping_status":"open","sticky":false,"template":"","format":"standard","meta":{"footnotes":""},"categories":[4],"tags":[],"_links":{"self":[{"href":"https:\/\/emisora.univalle.edu.co\/index.php\/wp-json\/wp\/v2\/posts\/20757"}],"collection":[{"href":"https:\/\/emisora.univalle.edu.co\/index.php\/wp-json\/wp\/v2\/posts"}],"about":[{"href":"https:\/\/emisora.univalle.edu.co\/index.php\/wp-json\/wp\/v2\/types\/post"}],"author":[{"embeddable":true,"href":"https:\/\/emisora.univalle.edu.co\/index.php\/wp-json\/wp\/v2\/users\/1"}],"replies":[{"embeddable":true,"href":"https:\/\/emisora.univalle.edu.co\/index.php\/wp-json\/wp\/v2\/comments?post=20757"}],"version-history":[{"count":1,"href":"https:\/\/emisora.univalle.edu.co\/index.php\/wp-json\/wp\/v2\/posts\/20757\/revisions"}],"predecessor-version":[{"id":20759,"href":"https:\/\/emisora.univalle.edu.co\/index.php\/wp-json\/wp\/v2\/posts\/20757\/revisions\/20759"}],"wp:featuredmedia":[{"embeddable":true,"href":"https:\/\/emisora.univalle.edu.co\/index.php\/wp-json\/wp\/v2\/media\/20758"}],"wp:attachment":[{"href":"https:\/\/emisora.univalle.edu.co\/index.php\/wp-json\/wp\/v2\/media?parent=20757"}],"wp:term":[{"taxonomy":"category","embeddable":true,"href":"https:\/\/emisora.univalle.edu.co\/index.php\/wp-json\/wp\/v2\/categories?post=20757"},{"taxonomy":"post_tag","embeddable":true,"href":"https:\/\/emisora.univalle.edu.co\/index.php\/wp-json\/wp\/v2\/tags?post=20757"}],"curies":[{"name":"wp","href":"https:\/\/api.w.org\/{rel}","templated":true}]}}