{"id":20760,"date":"2018-12-25T08:23:16","date_gmt":"2018-12-25T13:23:16","guid":{"rendered":"https:\/\/emisora.univalle.edu.co\/?p=20760"},"modified":"2018-12-25T08:23:16","modified_gmt":"2018-12-25T13:23:16","slug":"xxvll-encuentro-de-melomanos-y-coleccionistas-de-la-61-feria-de-cali","status":"publish","type":"post","link":"https:\/\/emisora.univalle.edu.co\/index.php\/xxvll-encuentro-de-melomanos-y-coleccionistas-de-la-61-feria-de-cali\/","title":{"rendered":"XXVll Encuentro de Mel\u00f3manos y Coleccionistas de la 61 Feria de Cali"},"content":{"rendered":"<p>Noticia de Prensa Corfecali<\/p>\n<p>Este a\u00f1o el XXVll Encuentro de Mel\u00f3manos y Coleccionistas de la 61 Feria de Cali se vivir\u00e1 con conversatorios, m\u00fasica en vivo e invitados especiales, que pondr\u00e1n a recordar y gozar a los miles de asistentes que llegar\u00e1n a las canchas de baloncesto de la Unidad Deportiva \u2018Jaime Aparicio\u2019.<\/p>\n<p>El tema central durante el primer d\u00eda del Encuentro (26 de diciembre) ser\u00e1 \u201cLa Salsa en el Nuevo Milenio\u201d. Adem\u00e1s de la presentaci\u00f3n de la recopilaci\u00f3n de las 100 producciones m\u00e1s importantes de los \u00faltimos a\u00f1os se realizar\u00e1 una conexi\u00f3n v\u00eda streaming con blogueros y DJ\u2019s internacionales, quienes dar\u00e1n a conocer sus puntos de vista sobre la discograf\u00eda salsera entre el 2000 y el 2018.<\/p>\n<p>El gran invitado ser\u00e1 el pianista, compositor y cantante Ray P\u00e9rez, acompa\u00f1ado del sonero Germ\u00e1n Medina y la orquesta cale\u00f1a Salsa M\u00e1ster, de Andr\u00e9s G\u00f3mez.<\/p>\n<p>El segundo d\u00eda (27 de diciembre), se realizar\u00e1 el lanzamiento del libro \u201cHe sido el incomprendido\u201d: Bobby Capo, por el music\u00f3grafo puertorrique\u00f1o V\u00edctor Federico Torres. Como invitado especial estar\u00e1 el cantante Frankie Figueroa interpretando los \u00e9xitos que grab\u00f3 con Willie Rosario, Tito Puente y como solista. Canciones como \u2018Eres todo para m\u00ed\u2019, \u2018Mereces que te quiera\u2019, \u2018L\u00e1grimas negras\u2019, \u2018Esa\u2019 y muchas m\u00e1s sonar\u00e1n en el\u00a0D\u00eda\u00a0Internacional del Bolero.<\/p>\n<p>El 28 de diciembre se realizar\u00e1 un homenaje a las mujeres que han sido protagonistas en la m\u00fasica afroantillana y la salsa. Ese d\u00eda la tarima brillar\u00e1 con la belleza y el talento de las damas coleccionistas, mel\u00f3manas, artistas y gestoras culturales quienes compartir\u00e1n todo su conocimiento con el p\u00fablico.<\/p>\n<p>En la noche el show correr\u00e1 por cuenta de Morena Son, reconocido septeto femenino de Cuba, ganadoras de m\u00faltiples premios internacionales, quienes se destacan a la hora de interpretar boleros, guarachas y sones.<\/p>\n<p>Para el viernes 29 de diciembre, la antolog\u00eda de la m\u00fasica afroantillana estar\u00e1 presente. Las \u201cgrandes ligas\u201d de los coleccionistas locales y nacionales mostrar\u00e1n lo mejor de sus colecciones de long play y vinilos originales (en 78, 45 y 33 rpm).<\/p>\n<p>El artista invitado de esa noche ser\u00e1 el sonero cubano F\u00e9lix Baloy, quien estar\u00e1 acompa\u00f1ado de \u2018La Sonora Brava\u2019 del trompetista Luis Bravo. Ellos presentar\u00e1n la propuesta vocal y musical \u2018Yo Soy del Son de la Salsa\u2019, adaptando el soneo que Baloy aprendi\u00f3 con sus maestros Benny Mor\u00e9, Chapottin, Cun\u00ed, Arsenio y luego con la nueva sonoridad cubana de los a\u00f1os 70.<\/p>\n<p>Para el \u00faltimo d\u00eda del Encuentro, las asociaciones y clubes de mel\u00f3manos inscritos en UNIMEL (Uni\u00f3n Nacional de Mel\u00f3manos) evidenciar\u00e1n c\u00f3mo fue la transici\u00f3n de los a\u00f1os 60 al boom de los 70. Ser\u00e1 un gran viaje discogr\u00e1fico que mostrar\u00e1 c\u00f3mo fueron los inicios en Nueva York con la pachanga, el boogaloo y otros h\u00edbridos musicales latinos para luego terminar en el boom de la salsa que impact\u00f3 en esa \u00e9poca a pa\u00edses como Puerto Rico, Panam\u00e1, Venezuela, Per\u00fa y Colombia, entre otros.<\/p>\n<p>Para cerrar con broche de oro el Encuentro de Mel\u00f3manos y Coleccionistas llegar\u00e1 el cantante y compositor Ismael Miranda. El puertorrique\u00f1o que viene a celebrar sus 52 a\u00f1os de carrera art\u00edstica estar\u00e1 acompa\u00f1ado de la orquesta \u2018La Sucursal de la Salsa\u2019, dirigida por el pianista cale\u00f1o Jorge Enrique Corrales \u201cPocholo\u201d.<\/p>\n<p>En esta oportunidad los asistentes tambi\u00e9n podr\u00e1n disfrutar del Museo del Disco entre el 26 y 30 de diciembre. Su propietario el cale\u00f1o Antonio Jos\u00e9 Manrique traer\u00e1 desde el departamento del Quind\u00edo todas sus \u201cjoyas\u201d, que incluyen m\u00e1s de 15 mil discos y la colecci\u00f3n m\u00e1s grande de equipos reproductores de audio de diferentes \u00e9pocas que existe en el pa\u00eds.<\/p>\n<p>Toda esta programaci\u00f3n del Encuentro de Mel\u00f3manos y Coleccionistas se podr\u00e1 disfrutar desde las 3:00 p.m. hasta las 2:00 a.m., entre el 26 y el 30 de diciembre en el marco de la 61 Feria de Cali.<\/p>\n","protected":false},"excerpt":{"rendered":"<p>Noticia de Prensa Corfecali Este a\u00f1o el XXVll Encuentro de Mel\u00f3manos y Coleccionistas de la 61 Feria de Cali se vivir\u00e1 con conversatorios, m\u00fasica en vivo e invitados especiales, que pondr\u00e1n a recordar y gozar a los miles de asistentes que llegar\u00e1n a las canchas de baloncesto de la Unidad[&#8230;]<\/p>\n","protected":false},"author":1,"featured_media":20761,"comment_status":"open","ping_status":"open","sticky":false,"template":"","format":"standard","meta":{"footnotes":""},"categories":[4],"tags":[],"_links":{"self":[{"href":"https:\/\/emisora.univalle.edu.co\/index.php\/wp-json\/wp\/v2\/posts\/20760"}],"collection":[{"href":"https:\/\/emisora.univalle.edu.co\/index.php\/wp-json\/wp\/v2\/posts"}],"about":[{"href":"https:\/\/emisora.univalle.edu.co\/index.php\/wp-json\/wp\/v2\/types\/post"}],"author":[{"embeddable":true,"href":"https:\/\/emisora.univalle.edu.co\/index.php\/wp-json\/wp\/v2\/users\/1"}],"replies":[{"embeddable":true,"href":"https:\/\/emisora.univalle.edu.co\/index.php\/wp-json\/wp\/v2\/comments?post=20760"}],"version-history":[{"count":2,"href":"https:\/\/emisora.univalle.edu.co\/index.php\/wp-json\/wp\/v2\/posts\/20760\/revisions"}],"predecessor-version":[{"id":20763,"href":"https:\/\/emisora.univalle.edu.co\/index.php\/wp-json\/wp\/v2\/posts\/20760\/revisions\/20763"}],"wp:featuredmedia":[{"embeddable":true,"href":"https:\/\/emisora.univalle.edu.co\/index.php\/wp-json\/wp\/v2\/media\/20761"}],"wp:attachment":[{"href":"https:\/\/emisora.univalle.edu.co\/index.php\/wp-json\/wp\/v2\/media?parent=20760"}],"wp:term":[{"taxonomy":"category","embeddable":true,"href":"https:\/\/emisora.univalle.edu.co\/index.php\/wp-json\/wp\/v2\/categories?post=20760"},{"taxonomy":"post_tag","embeddable":true,"href":"https:\/\/emisora.univalle.edu.co\/index.php\/wp-json\/wp\/v2\/tags?post=20760"}],"curies":[{"name":"wp","href":"https:\/\/api.w.org\/{rel}","templated":true}]}}