{"id":20768,"date":"2019-01-08T14:09:07","date_gmt":"2019-01-08T19:09:07","guid":{"rendered":"https:\/\/emisora.univalle.edu.co\/?p=20768"},"modified":"2019-01-08T14:09:07","modified_gmt":"2019-01-08T19:09:07","slug":"el-punto-deportivo-vuelve-el-14-de-enero","status":"publish","type":"post","link":"https:\/\/emisora.univalle.edu.co\/index.php\/el-punto-deportivo-vuelve-el-14-de-enero\/","title":{"rendered":"El Punto Deportivo vuelve el 14 de enero"},"content":{"rendered":"<p>Este a\u00f1o 2019 el punto deportivo arranca sus emisiones el 14 de enero en nuestra frecuencia, esta ser\u00e1 su quinta temporada con la direcci\u00f3n de Anderson \u00abEl Relator\u00bb y junto a \u00e9l, un grupo de profesionales que este a\u00f1o les llevaran su programa habitual de 1\u00a0 a 2:30 pm de lunes a viernes sumado a las transmisiones de f\u00fatbol con Deportivo Cali y Am\u00e9rica.<\/p>\n<p>Los retos de este 2019 son la Liga \u00c1guila, Copa \u00c1guila, La Copa Sudamericana y la Copa Am\u00e9rica en Brasil a celebrarse en junio de este a\u00f1o y que como en el pasado mundial de f\u00fatbol tuvo presencia de nuestra emisora.<\/p>\n<p>&nbsp;<\/p>\n","protected":false},"excerpt":{"rendered":"<p>Este a\u00f1o 2019 el punto deportivo arranca sus emisiones el 14 de enero en nuestra frecuencia, esta ser\u00e1 su quinta temporada con la direcci\u00f3n de Anderson \u00abEl Relator\u00bb y junto a \u00e9l, un grupo de profesionales que este a\u00f1o les llevaran su programa habitual de 1\u00a0 a 2:30 pm de[&#8230;]<\/p>\n","protected":false},"author":1,"featured_media":20769,"comment_status":"open","ping_status":"open","sticky":false,"template":"","format":"standard","meta":{"footnotes":""},"categories":[4],"tags":[],"_links":{"self":[{"href":"https:\/\/emisora.univalle.edu.co\/index.php\/wp-json\/wp\/v2\/posts\/20768"}],"collection":[{"href":"https:\/\/emisora.univalle.edu.co\/index.php\/wp-json\/wp\/v2\/posts"}],"about":[{"href":"https:\/\/emisora.univalle.edu.co\/index.php\/wp-json\/wp\/v2\/types\/post"}],"author":[{"embeddable":true,"href":"https:\/\/emisora.univalle.edu.co\/index.php\/wp-json\/wp\/v2\/users\/1"}],"replies":[{"embeddable":true,"href":"https:\/\/emisora.univalle.edu.co\/index.php\/wp-json\/wp\/v2\/comments?post=20768"}],"version-history":[{"count":1,"href":"https:\/\/emisora.univalle.edu.co\/index.php\/wp-json\/wp\/v2\/posts\/20768\/revisions"}],"predecessor-version":[{"id":20770,"href":"https:\/\/emisora.univalle.edu.co\/index.php\/wp-json\/wp\/v2\/posts\/20768\/revisions\/20770"}],"wp:featuredmedia":[{"embeddable":true,"href":"https:\/\/emisora.univalle.edu.co\/index.php\/wp-json\/wp\/v2\/media\/20769"}],"wp:attachment":[{"href":"https:\/\/emisora.univalle.edu.co\/index.php\/wp-json\/wp\/v2\/media?parent=20768"}],"wp:term":[{"taxonomy":"category","embeddable":true,"href":"https:\/\/emisora.univalle.edu.co\/index.php\/wp-json\/wp\/v2\/categories?post=20768"},{"taxonomy":"post_tag","embeddable":true,"href":"https:\/\/emisora.univalle.edu.co\/index.php\/wp-json\/wp\/v2\/tags?post=20768"}],"curies":[{"name":"wp","href":"https:\/\/api.w.org\/{rel}","templated":true}]}}