{"id":20771,"date":"2019-01-11T13:12:35","date_gmt":"2019-01-11T18:12:35","guid":{"rendered":"https:\/\/emisora.univalle.edu.co\/?p=20771"},"modified":"2019-01-11T13:12:35","modified_gmt":"2019-01-11T18:12:35","slug":"congreso-vida-y-obra-de-roberto-bolano","status":"publish","type":"post","link":"https:\/\/emisora.univalle.edu.co\/index.php\/congreso-vida-y-obra-de-roberto-bolano\/","title":{"rendered":"Congreso Vida y obra de Roberto Bola\u00f1o"},"content":{"rendered":"<p><span class=\"authorPost\">Agencia de Noticias Univalle<\/span><\/p>\n<div class=\"itemFullText\">\n<p>Hasta el 14 de enero se recibir\u00e1n ponencias para participar del \u201cCongreso Vida y Obra de Roberto Bola\u00f1o (1953-2003): la literatura latinoamericana en los albores del siglo XXI\u201d que organizar\u00e1 entre el 9 y 10 de mayo de 2019 la Escuela de Estudios Literarios de la Universidad del Valle y la Facultad de Educaci\u00f3n de la Universidad Santiago de Cali.<\/p>\n<p>El Congreso est\u00e1 dirigido a docentes, investigadores, estudiantes y p\u00fablico en general interesados en el estudio de la literatura de Roberto Bola\u00f1o (1953-2003).<\/p>\n<p>Los interesados en participar como ponentes, deber\u00e1n enviar un resumen de su curr\u00edculum vitae, as\u00ed como un resumen de la ponencia de m\u00e1ximo 300 palabras al correo electr\u00f3nico\u00a0<span id=\"cloakbee927a189e4289e79d505f47be83ece\"><a href=\"mailto:congresorobertobolano@gmail.com\">congresorobertobolano@gmail.com<\/a><\/span><\/p>\n<p><strong>Ejes tem\u00e1ticos<\/strong><\/p>\n<p><strong>1. G\u00e9neros literarios y rupturas:<\/strong>\u00a0eje que apunta a la alteraci\u00f3n, desvirtuaci\u00f3n y producci\u00f3n de g\u00e9neros h\u00edbridos de la literatura del chileno.<\/p>\n<p><strong>2. Antipoes\u00eda:<\/strong>\u00a0hija de la antipo\u00e9tica de Nicanor Parra, la obra de Bola\u00f1o realiza una poes\u00eda que rompe con el lirismo que representaron Neruda y Mistral. Bola\u00f1o despide el modelo modernista de Dar\u00edo y desarrolla una poes\u00eda que implica desafuero, ira, estallido verbal, confluencias del lenguaje oral y escatol\u00f3gico.<\/p>\n<p><strong>3. Literatura transnacional:<\/strong>\u00a0la literatura de Bola\u00f1o ya no es nacional. Bola\u00f1o no es solo un literato chileno. Es chileno y tambi\u00e9n es mexicano y espa\u00f1ol. Su literatura est\u00e1 arraigada a la historia de Latinoam\u00e9rica. Ha abandonado el pa\u00eds fundador: Macondo y habita el pa\u00eds global latinoamericano.<\/p>\n<p><strong>4. Did\u00e1ctica de la literatura de Bola\u00f1o:<\/strong>\u00a0Bola\u00f1o representa una voz actual que permite conectar a las nuevas generaciones con las literaturas contempor\u00e1neas. La docencia encuentra en sus cuentos, novelas y poemas un insumo relevante para que los j\u00f3venes configuren su voz en medio de los conflictos sociales de un mundo en el que hay un llamado a nuevos compromisos con la pol\u00edtica y la potencia comprensiva, interpretativa y transformadora de la literatura.<\/p>\n<p><strong>5. Europa en Bola\u00f1o y Bola\u00f1o en Europa:<\/strong>\u00a0la recepci\u00f3n de Bola\u00f1o en Europa, en especial en Francia, como la representaci\u00f3n de mundos europeos en las obras de Bola\u00f1o, permiten trabajar conjuntamente los modos de representar a Europa en la ficci\u00f3n bola\u00f1iana como la recepci\u00f3n del chileno en Espa\u00f1a, Francia y en el mundo de habla inglesa.<\/p>\n<p><strong>6. Urbanismo y ruralismo (metr\u00f3poli y periferia):<\/strong>\u00a0la literatura de Bola\u00f1o lanza dardos para la agudizaci\u00f3n de la toma de atenci\u00f3n del papel de la periferia en el mundo de la globalizaci\u00f3n. Los bordes se vuelven a su modo puntos de atenci\u00f3n neur\u00e1lgicos con respecto a los centros, a los mundos urbanos. En la globalizaci\u00f3n la periferia es el centro de producci\u00f3n. Santa Teresa es la periferia, lugar extremo pero en ella convergen todos los actores, porque es en la periferia del mundo donde se desarrolla el capitalismo sin restricciones, sin estado vigilante. En la obra de Bola\u00f1o el capitalismo se ha liberado de la mano invisible de Adam Smith y la ha convertido en el brazo armado del mundo virtual, conjugado con la producci\u00f3n del neoesclavismo de las maquiladoras.<\/p>\n<p><strong>7. Escritores bola\u00f1ianos:<\/strong>\u00a0uno de los indicios de la importancia de un autor es que su literatura se vuelva modelo, gu\u00eda, compa\u00f1era, motivo de otros literatos. En nuestros d\u00edas hay j\u00f3venes autores de entre 20 y 30 a\u00f1os a los que, al pregunt\u00e1rseles qu\u00e9 autores los determinaron, contestan Roberto Bola\u00f1o. Aqu\u00ed se convoca a autores que afirman escribir bajo la tutela de Bola\u00f1o.<\/p>\n<p><strong>8. Escrituras p\u00f3stumas:<\/strong>\u00a0el disco duro del computador de Bola\u00f1o ha dado varios libros del chileno que a\u00fan no han sido objeto riguroso de la cr\u00edtica acad\u00e9mica, bajo el criterio de que son obras no terminadas o borradores de obras o, tal vez, no se sabe, reconstrucciones realizadas por las ambiciones econ\u00f3micas de los herederos de Bola\u00f1o. Aparte de obras p\u00f3stumas aprobadas por Bola\u00f1o, 2666 (2004), La universidad desconocida (2007), han aparecido publicaciones que requieren estudio: El Tercer Reich (2010), Los sinsabores del verdadero polic\u00eda (2011), El esp\u00edritu de la ciencia-ficci\u00f3n (2016), Sepulcros de vaqueros (2017).<\/p>\n<p><strong>9. Mujeres y masculinidades, la perspectiva de g\u00e9nero:<\/strong>\u00a0la voz de la mujer que narra Amuleto (1999), la denuncia en 2666 (2004) de los cr\u00edmenes de decenas y decenas de mujeres en Sonora (M\u00e9xico), el papel de los personajes masculinos, hacen de Bola\u00f1o una fuente fruct\u00edfera de indagaciones sobre la representaciones de hombres y mujeres.<\/p>\n<p><strong>Informes:<\/strong>\u00a0<span id=\"cloake8c726f40aaa3603613cf5ca4c17ce72\"><a href=\"mailto:congresorobertobolano@gmail.com\">congresorobertobolano@gmail.com<\/a><\/span><\/p>\n<p>Tel\u00e9fono: (0572) 3212161<\/p>\n<p>\u00c1lvaro Bautista Cabrera\u00a0<span id=\"cloak1bf80932221a3c437e1628710f913c3c\"><a href=\"mailto:alvaro.bautista@correounivalle.edu.co\">alvaro.bautista@correounivalle.edu.co<\/a><\/span><br \/>\nJuan Sebasti\u00e1n Rojas Miranda\u00a0<span id=\"cloak2740241e6c8255e55995f976844958e2\"><a href=\"mailto:juan.rojas10@usc.edu.co\">juan.rojas10@usc.edu.co<\/a><\/span><br \/>\nJulio Alberto Bejarano Hern\u00e1ndez\u00a0<span id=\"cloak7a82434c8829f5c3fa83bc927e564159\"><a href=\"mailto:alberto.bejarano@caroycuervo.gov.co\">alberto.bejarano@caroycuervo.gov.co<\/a><\/span><\/p>\n<\/div>\n","protected":false},"excerpt":{"rendered":"<p>Agencia de Noticias Univalle Hasta el 14 de enero se recibir\u00e1n ponencias para participar del \u201cCongreso Vida y Obra de Roberto Bola\u00f1o (1953-2003): la literatura latinoamericana en los albores del siglo XXI\u201d que organizar\u00e1 entre el 9 y 10 de mayo de 2019 la Escuela de Estudios Literarios de la[&#8230;]<\/p>\n","protected":false},"author":1,"featured_media":20772,"comment_status":"open","ping_status":"open","sticky":false,"template":"","format":"standard","meta":{"footnotes":""},"categories":[4],"tags":[],"_links":{"self":[{"href":"https:\/\/emisora.univalle.edu.co\/index.php\/wp-json\/wp\/v2\/posts\/20771"}],"collection":[{"href":"https:\/\/emisora.univalle.edu.co\/index.php\/wp-json\/wp\/v2\/posts"}],"about":[{"href":"https:\/\/emisora.univalle.edu.co\/index.php\/wp-json\/wp\/v2\/types\/post"}],"author":[{"embeddable":true,"href":"https:\/\/emisora.univalle.edu.co\/index.php\/wp-json\/wp\/v2\/users\/1"}],"replies":[{"embeddable":true,"href":"https:\/\/emisora.univalle.edu.co\/index.php\/wp-json\/wp\/v2\/comments?post=20771"}],"version-history":[{"count":1,"href":"https:\/\/emisora.univalle.edu.co\/index.php\/wp-json\/wp\/v2\/posts\/20771\/revisions"}],"predecessor-version":[{"id":20773,"href":"https:\/\/emisora.univalle.edu.co\/index.php\/wp-json\/wp\/v2\/posts\/20771\/revisions\/20773"}],"wp:featuredmedia":[{"embeddable":true,"href":"https:\/\/emisora.univalle.edu.co\/index.php\/wp-json\/wp\/v2\/media\/20772"}],"wp:attachment":[{"href":"https:\/\/emisora.univalle.edu.co\/index.php\/wp-json\/wp\/v2\/media?parent=20771"}],"wp:term":[{"taxonomy":"category","embeddable":true,"href":"https:\/\/emisora.univalle.edu.co\/index.php\/wp-json\/wp\/v2\/categories?post=20771"},{"taxonomy":"post_tag","embeddable":true,"href":"https:\/\/emisora.univalle.edu.co\/index.php\/wp-json\/wp\/v2\/tags?post=20771"}],"curies":[{"name":"wp","href":"https:\/\/api.w.org\/{rel}","templated":true}]}}