{"id":20774,"date":"2019-01-11T13:14:20","date_gmt":"2019-01-11T18:14:20","guid":{"rendered":"https:\/\/emisora.univalle.edu.co\/?p=20774"},"modified":"2019-01-11T13:14:20","modified_gmt":"2019-01-11T18:14:20","slug":"seminario-ciencias-del-lenguaje-y-educacion-ensenanza-de-la-lengua-y-lexicologia","status":"publish","type":"post","link":"https:\/\/emisora.univalle.edu.co\/index.php\/seminario-ciencias-del-lenguaje-y-educacion-ensenanza-de-la-lengua-y-lexicologia\/","title":{"rendered":"Seminario Ciencias del Lenguaje y Educaci\u00f3n: Ense\u00f1anza de la Lengua y Lexicolog\u00eda"},"content":{"rendered":"<p><span class=\"authorPost\">Agencia de Noticias Univalle<\/span><\/p>\n<div class=\"itemFullText\">\n<p>La Escuela de Ciencias del Lenguaje de la Universidad del Valle invita al Seminario Ciencias del Lenguaje y Educaci\u00f3n: Ense\u00f1anza de la Lengua y Lexicolog\u00eda que se realizar\u00e1 entre el 4 y 6 de febrero de 2019, en la Sala Baena, Edificio E-17, Campus de Mel\u00e9ndez.<\/p>\n<p>Este seminario estar\u00e1 a cargo de Gabriela Cortez P\u00e9rez, Diana Villagrana \u00c1vila y Martha Cecilia Acosta Cadengo, profesoras e investigadoras de la Universidad Aut\u00f3noma de Zacatecas (M\u00e9xico) y es organizado por la Licenciatura en Espa\u00f1ol y Filolog\u00eda y la Maestr\u00eda en Ling\u00fc\u00edstica y Espa\u00f1ol de la Escuela de Ciencias del Lenguaje.<\/p>\n<p><strong>Programaci\u00f3n<\/strong><\/p>\n<p><strong>Lunes 4 de febrero (15:00 \u2013 18:00)<\/strong>:<br \/>\n&#8211; La ense\u00f1anza del espa\u00f1ol como lengua materna: carencias comunicativas en el nivel superior<br \/>\n&#8211; Estudios de l\u00e9xico regional en M\u00e9xico<\/p>\n<p><strong>Martes 5 de febrero (15:00 \u2013 18:00):<\/strong><br \/>\n&#8211; An\u00e1lisis del discurso desde la lexicolog\u00eda<br \/>\n&#8211; Una metodolog\u00eda para el incremento de l\u00e9xico: lecci\u00f3n lexical<\/p>\n<p><strong>Mi\u00e9rcoles 6 de febrero (15:00 \u2013 18:00):<\/strong><br \/>\n&#8211; Diagn\u00f3stico y planificaci\u00f3n para la ense\u00f1anza de la lengua<br \/>\n&#8211; Estudios de disponibilidad L\u00e9xica<\/p>\n<p>Inscripci\u00f3n gratuita:\u00a0<span id=\"cloak5128aeda7ff94d5d7f09ff75eaf50589\"><a href=\"mailto:postgrados.lenguaje@correounivalle.edu.co\">postgrados.lenguaje@correounivalle.edu.co<\/a><\/span><\/p>\n<\/div>\n","protected":false},"excerpt":{"rendered":"<p>Agencia de Noticias Univalle La Escuela de Ciencias del Lenguaje de la Universidad del Valle invita al Seminario Ciencias del Lenguaje y Educaci\u00f3n: Ense\u00f1anza de la Lengua y Lexicolog\u00eda que se realizar\u00e1 entre el 4 y 6 de febrero de 2019, en la Sala Baena, Edificio E-17, Campus de Mel\u00e9ndez.[&#8230;]<\/p>\n","protected":false},"author":1,"featured_media":20775,"comment_status":"open","ping_status":"open","sticky":false,"template":"","format":"standard","meta":{"footnotes":""},"categories":[4],"tags":[],"_links":{"self":[{"href":"https:\/\/emisora.univalle.edu.co\/index.php\/wp-json\/wp\/v2\/posts\/20774"}],"collection":[{"href":"https:\/\/emisora.univalle.edu.co\/index.php\/wp-json\/wp\/v2\/posts"}],"about":[{"href":"https:\/\/emisora.univalle.edu.co\/index.php\/wp-json\/wp\/v2\/types\/post"}],"author":[{"embeddable":true,"href":"https:\/\/emisora.univalle.edu.co\/index.php\/wp-json\/wp\/v2\/users\/1"}],"replies":[{"embeddable":true,"href":"https:\/\/emisora.univalle.edu.co\/index.php\/wp-json\/wp\/v2\/comments?post=20774"}],"version-history":[{"count":1,"href":"https:\/\/emisora.univalle.edu.co\/index.php\/wp-json\/wp\/v2\/posts\/20774\/revisions"}],"predecessor-version":[{"id":20776,"href":"https:\/\/emisora.univalle.edu.co\/index.php\/wp-json\/wp\/v2\/posts\/20774\/revisions\/20776"}],"wp:featuredmedia":[{"embeddable":true,"href":"https:\/\/emisora.univalle.edu.co\/index.php\/wp-json\/wp\/v2\/media\/20775"}],"wp:attachment":[{"href":"https:\/\/emisora.univalle.edu.co\/index.php\/wp-json\/wp\/v2\/media?parent=20774"}],"wp:term":[{"taxonomy":"category","embeddable":true,"href":"https:\/\/emisora.univalle.edu.co\/index.php\/wp-json\/wp\/v2\/categories?post=20774"},{"taxonomy":"post_tag","embeddable":true,"href":"https:\/\/emisora.univalle.edu.co\/index.php\/wp-json\/wp\/v2\/tags?post=20774"}],"curies":[{"name":"wp","href":"https:\/\/api.w.org\/{rel}","templated":true}]}}