{"id":20780,"date":"2019-01-18T16:30:28","date_gmt":"2019-01-18T21:30:28","guid":{"rendered":"https:\/\/emisora.univalle.edu.co\/?p=20780"},"modified":"2019-01-18T16:30:28","modified_gmt":"2019-01-18T21:30:28","slug":"univalle-en-el-xix-congreso-colombiano-de-historia","status":"publish","type":"post","link":"https:\/\/emisora.univalle.edu.co\/index.php\/univalle-en-el-xix-congreso-colombiano-de-historia\/","title":{"rendered":"Univalle en el XIX Congreso Colombiano de Historia"},"content":{"rendered":"<p><span class=\"authorPost\">Agencia de Noticias Univalle<\/span><\/p>\n<div class=\"itemFullText\">\n<p>Alonso Valencia LLanos, director del grupo de investigaci\u00f3n Centro de Estudios Regi\u00f3n de la Universidad del Valle, participar\u00e1 en el XIX Congreso Colombiano de Historia que se llevar\u00e1 a cabo en Armenia durante los primeros d\u00edas de octubre.<\/p>\n<p><a href=\"http:\/\/www.cronicadelquindio.com\/noticia-noticia_opinion-seccion-opinion-titulo-un-grandioso-evento-op-19871\">Tomado de Cr\u00f3nica del Quind\u00edo.<\/a><\/p>\n<p>Uno de los grandes eventos de 2019 ser\u00e1 , sin duda, el XIX Congreso Colombiano de Historia, a realizarse en Armenia del 1 al 4 de octubre, un encuentro trascendental que celebra los 200 a\u00f1os de vida republicana y los 130 a\u00f1os de la gesta colonizadora de la &#8216;Ciudad Milagro&#8217;.<\/p>\n<p>Varias academias de historia encabezadas por la del Quind\u00edo, la asociaci\u00f3n colombiana de historiadores, la academia caldense y otras, con la preciosa presencia de universidades como la del Quind\u00edo, Nacional de Colombia, la UTP, la del Valle y el Centro de Estudios Regi\u00f3n, dirigido por el historiador Alonso Valencia, integrado con siete universidades; la universidad Javeriana de Bogot\u00e1, la de Caldas, Icesi de Cali, la gobernaci\u00f3n del Quind\u00edo, la c\u00e1mara de comercio, el Comit\u00e9 de Cafeteros del Quind\u00edo, en fin, otras entidades, unidas en la organizaci\u00f3n de un encuentro internacional, que contar\u00e1 con la presencia de conferencistas nacionales e internacionales y diferentes paneles; en general habr\u00e1 8 conferencias centrales y 30 mesas tem\u00e1ticas a las cuales se est\u00e1n inscribiendo alrededor de 500 ponencias espec\u00edficas.<\/p>\n<p>Debo confesar que se trata de una magna conmemoraci\u00f3n que recoge variados e importantes temas hist\u00f3ricos bajo la direcci\u00f3n acad\u00e9mica de un comit\u00e9 de expertos liderado por el reconocido historiador y humanista Alonso Valencia Llano, que incluye desde tem\u00e1ticas relacionadas con la cultura cafetera, como la conferencia central sobre la cultura Quimbaya, hasta la gesta libertadora, la independencia, el Cauca grande, violencia, paz y reconciliaci\u00f3n, en s\u00edntesis, una vasta y seria mirada desde la perspectiva de la historia.<\/p>\n<p>La mesa est\u00e1 servida para un acontecimiento maravilloso que viene siendo manejado con rigor y mucha organizaci\u00f3n, bajo la \u00e9gida ejecutiva de Jorge Hern\u00e1n Vel\u00e1squez Botero, miembro destacado de la AHQ y desde luego el apoyo de las entidades mencionadas y la propia academia.<\/p>\n<\/div>\n","protected":false},"excerpt":{"rendered":"<p>Agencia de Noticias Univalle Alonso Valencia LLanos, director del grupo de investigaci\u00f3n Centro de Estudios Regi\u00f3n de la Universidad del Valle, participar\u00e1 en el XIX Congreso Colombiano de Historia que se llevar\u00e1 a cabo en Armenia durante los primeros d\u00edas de octubre. Tomado de Cr\u00f3nica del Quind\u00edo. Uno de los[&#8230;]<\/p>\n","protected":false},"author":1,"featured_media":20781,"comment_status":"open","ping_status":"open","sticky":false,"template":"","format":"standard","meta":{"footnotes":""},"categories":[4],"tags":[],"_links":{"self":[{"href":"https:\/\/emisora.univalle.edu.co\/index.php\/wp-json\/wp\/v2\/posts\/20780"}],"collection":[{"href":"https:\/\/emisora.univalle.edu.co\/index.php\/wp-json\/wp\/v2\/posts"}],"about":[{"href":"https:\/\/emisora.univalle.edu.co\/index.php\/wp-json\/wp\/v2\/types\/post"}],"author":[{"embeddable":true,"href":"https:\/\/emisora.univalle.edu.co\/index.php\/wp-json\/wp\/v2\/users\/1"}],"replies":[{"embeddable":true,"href":"https:\/\/emisora.univalle.edu.co\/index.php\/wp-json\/wp\/v2\/comments?post=20780"}],"version-history":[{"count":1,"href":"https:\/\/emisora.univalle.edu.co\/index.php\/wp-json\/wp\/v2\/posts\/20780\/revisions"}],"predecessor-version":[{"id":20782,"href":"https:\/\/emisora.univalle.edu.co\/index.php\/wp-json\/wp\/v2\/posts\/20780\/revisions\/20782"}],"wp:featuredmedia":[{"embeddable":true,"href":"https:\/\/emisora.univalle.edu.co\/index.php\/wp-json\/wp\/v2\/media\/20781"}],"wp:attachment":[{"href":"https:\/\/emisora.univalle.edu.co\/index.php\/wp-json\/wp\/v2\/media?parent=20780"}],"wp:term":[{"taxonomy":"category","embeddable":true,"href":"https:\/\/emisora.univalle.edu.co\/index.php\/wp-json\/wp\/v2\/categories?post=20780"},{"taxonomy":"post_tag","embeddable":true,"href":"https:\/\/emisora.univalle.edu.co\/index.php\/wp-json\/wp\/v2\/tags?post=20780"}],"curies":[{"name":"wp","href":"https:\/\/api.w.org\/{rel}","templated":true}]}}