{"id":20786,"date":"2019-01-18T16:34:56","date_gmt":"2019-01-18T21:34:56","guid":{"rendered":"https:\/\/emisora.univalle.edu.co\/?p=20786"},"modified":"2019-01-18T16:34:56","modified_gmt":"2019-01-18T21:34:56","slug":"comunicado-oficial-de-la-asamblea-estudiantil-de-las-sedes-regionales","status":"publish","type":"post","link":"https:\/\/emisora.univalle.edu.co\/index.php\/comunicado-oficial-de-la-asamblea-estudiantil-de-las-sedes-regionales\/","title":{"rendered":"Comunicado Oficial de la Asamblea Estudiantil de las Sedes Regionales"},"content":{"rendered":"<p>Los estudiantes del Sistema de Regionalizaci\u00f3n de la Universidad del Valle, reunidos el 17 de enero del 2019, en la asamblea general de las nueve (9) Sedes Regionales, la cual es su m\u00e1ximo \u00f3rgano decisorio, dan a conocer a la Comunidad Universitaria en general las siguientes definiciones.<\/p>\n<p><strong>1.<\/strong>\u00a0Hacemos un llamado de atenci\u00f3n a algunos sectores de las Sedes de Cali (Mel\u00e9ndez y San Fernando), a respetar los acuerdos y cronogramas anteriormente establecidos en distintos espacios amplios y participativos, donde siempre prima la agenda de Cali con discursos centralistas, en una Universidad Regional. Por tal motivo, enfatizamos en respetar el calendario que se hab\u00eda definido para la Asamblea Regional, y no nos vamos a acoger a una decisi\u00f3n unilateral de una fracci\u00f3n de la asamblea general de Cali, teniendo en cuenta que cada Sede hab\u00eda adquirido el compromiso de realizar los respectivos espacios de socializaci\u00f3n del acuerdo firmado a finales del a\u00f1o pasado (2018), y posterior a esas socializaciones, realizar los respectivos espacios asamblearios para tomar posturas y definiciones frente a la hoja de ruta que debe seguir el movimiento estudiantil de la Universidad del Valle.<\/p>\n<p><strong>2.<\/strong>\u00a0Los estudiantes de las Sedes Regionales de la Universidad del Valle, declaramos nuestra autonom\u00eda, sin desconocer arbitrariamente los consensos y calendarios establecidos de los espacios asamblearios, teniendo en cuenta que se hab\u00eda concertado un calendario para la realizaci\u00f3n de asambleas (Programas, Facultades, Institutos y Sedes), con su respectiva programaci\u00f3n, reiteramos nuestra asistencia a la<strong>Asamblea Regional que se realizar\u00e1 el d\u00eda 18 de enero a las 1: 00 pm, en el Coliseo de la Sede Mel\u00e9ndez de la Universidad del Valle en la ciudad de Cali, con el prop\u00f3sito que a esa hora est\u00e9n saldadas las discusiones internas de la Sede Mel\u00e9ndez.<\/strong><\/p>\n<p>Esperamos que los compa\u00f1eros de las Sedes de Cali asistan a la Asamblea Regional, respetando y cumpliendo los consensos anteriormente definidos en aras de preservar, fortalecer y no desgastar el movimiento estudiantil de la Universidad del Valle, manteniendo los lazos fraternos que se han cimentado en la lucha hist\u00f3rica del movimiento estudiantil.<\/p>\n<p>Hacemos un llamado amplio a la comunidad estudiantil de las facultades e Institutos a refrendar las disposiciones de sus asambleas en un espacio d\u00f3nde de todas y todos estemos a la altura del debate .<\/p>\n<p><strong>#AsambleaRegionalSeMantiene<\/strong><\/p>\n<p><strong>\u00a1P\u00fablica nos la entregaron, p\u00fablica la devolvemos!<\/strong><br \/>\n<strong>\u00a1A parar para avanzar, viva el paro Nacional!<\/strong><\/p>\n","protected":false},"excerpt":{"rendered":"<p>Los estudiantes del Sistema de Regionalizaci\u00f3n de la Universidad del Valle, reunidos el 17 de enero del 2019, en la asamblea general de las nueve (9) Sedes Regionales, la cual es su m\u00e1ximo \u00f3rgano decisorio, dan a conocer a la Comunidad Universitaria en general las siguientes definiciones. 1.\u00a0Hacemos un llamado[&#8230;]<\/p>\n","protected":false},"author":1,"featured_media":20787,"comment_status":"open","ping_status":"open","sticky":false,"template":"","format":"standard","meta":{"footnotes":""},"categories":[4],"tags":[],"_links":{"self":[{"href":"https:\/\/emisora.univalle.edu.co\/index.php\/wp-json\/wp\/v2\/posts\/20786"}],"collection":[{"href":"https:\/\/emisora.univalle.edu.co\/index.php\/wp-json\/wp\/v2\/posts"}],"about":[{"href":"https:\/\/emisora.univalle.edu.co\/index.php\/wp-json\/wp\/v2\/types\/post"}],"author":[{"embeddable":true,"href":"https:\/\/emisora.univalle.edu.co\/index.php\/wp-json\/wp\/v2\/users\/1"}],"replies":[{"embeddable":true,"href":"https:\/\/emisora.univalle.edu.co\/index.php\/wp-json\/wp\/v2\/comments?post=20786"}],"version-history":[{"count":1,"href":"https:\/\/emisora.univalle.edu.co\/index.php\/wp-json\/wp\/v2\/posts\/20786\/revisions"}],"predecessor-version":[{"id":20788,"href":"https:\/\/emisora.univalle.edu.co\/index.php\/wp-json\/wp\/v2\/posts\/20786\/revisions\/20788"}],"wp:featuredmedia":[{"embeddable":true,"href":"https:\/\/emisora.univalle.edu.co\/index.php\/wp-json\/wp\/v2\/media\/20787"}],"wp:attachment":[{"href":"https:\/\/emisora.univalle.edu.co\/index.php\/wp-json\/wp\/v2\/media?parent=20786"}],"wp:term":[{"taxonomy":"category","embeddable":true,"href":"https:\/\/emisora.univalle.edu.co\/index.php\/wp-json\/wp\/v2\/categories?post=20786"},{"taxonomy":"post_tag","embeddable":true,"href":"https:\/\/emisora.univalle.edu.co\/index.php\/wp-json\/wp\/v2\/tags?post=20786"}],"curies":[{"name":"wp","href":"https:\/\/api.w.org\/{rel}","templated":true}]}}