{"id":20839,"date":"2019-02-11T14:36:19","date_gmt":"2019-02-11T19:36:19","guid":{"rendered":"https:\/\/emisora.univalle.edu.co\/?p=20839"},"modified":"2019-02-11T14:36:19","modified_gmt":"2019-02-11T19:36:19","slug":"en-sede-palmira-rendicion-publica-de-cuentas-2018","status":"publish","type":"post","link":"https:\/\/emisora.univalle.edu.co\/index.php\/en-sede-palmira-rendicion-publica-de-cuentas-2018\/","title":{"rendered":"En Sede Palmira, Rendici\u00f3n P\u00fablica de Cuentas 2018"},"content":{"rendered":"<p>Con el prop\u00f3sito de apoyar la formaci\u00f3n docente de los profesores de las sedes regionales de la Universidad, la instituci\u00f3n est\u00e1 programando el ofrecimiento de dos cohortes de los programas acad\u00e9micos de los doctorados en Administraci\u00f3n y en Educaci\u00f3n.<\/p>\n<p>Estas cohortes ser\u00edan en la modalidad compartida, en la que los estudiantes tendr\u00edan que viajar, en ciertas ocasiones, a la sede de Cali, para complementar el pensum, explic\u00f3 el rector de la Universidad del Valle, Edgar Varela Barrios durante el acto de rendici\u00f3n de la vigencia 2018.<\/p>\n<p>En el evento, que inici\u00f3 desde las 9:00 a.m. de hoy lunes 11 de enero de 2019, en la Biblioteca de la Sede Palmira, el rector estuvo acompa\u00f1ado por la vicerrectora acad\u00e9mica Liliana Arias castillo, el vicerrector de investigaciones Jaime Cantera Kintz, el Vicerrector Administrativo Luis Carlos Castillo G\u00f3mez, el vicerrector de bienestar universitario Edgar Quiroga Rubiano y el secretario General Antonio Jos\u00e9 Echeverry.<\/p>\n<p>Tambi\u00e9n participaron en la rendici\u00f3n de cuentas el director de la Oficina de Planeaci\u00f3n y Desarrollo institucional Carlos Hern\u00e1n Gonz\u00e1lez, el director del Sistema de Regionalizaci\u00f3n Jairo Corchuelo y el director de la sede Palmira Luis Alfonso Escobar, as\u00ed como los dem\u00e1s directores de las sedes regionales<\/p>\n<p>Durante el evento se present\u00f3 un detallado informe sobre la ejecuci\u00f3n de obras y mantenimiento de edificaciones en las nueve sedes regionales y los dos campus en Cali. Adem\u00e1s de mencionar la terminaci\u00f3n del edificio de microbiolog\u00eda y el centro deportivo de la Sede de San Fernando, as\u00ed como la construcci\u00f3n del nuevo campus de la sede Zarzal, el rector Varela Barrios se refiri\u00f3 al sistema de cafeter\u00edas de la universidad.<\/p>\n<p>Explic\u00f3 que se trabaja para mejorar espacios como las cafeter\u00edas en las sedes regionales para ampliar la oferta y para Cali se piensa hacer algunos ajustes a la edificaci\u00f3n del restaurante universitario.<\/p>\n<p>En respuesta a las inquietudes del p\u00fablico Sobre el programa de derecho, el rector sostuvo que no hay una definici\u00f3n clara para implementarlo, aunque hay intenciones de ofrecerlo en Buga, pero es necesario que el programa tenga albergue en una unidad acad\u00e9mica y esto no ha ocurrido y, por tanto no est\u00e1 claro su ofrecimiento.<\/p>\n<p>Para poder ofrecer el Programa de Derecho, explic\u00f3 el directivo universitario, tendr\u00edan que agruparse a los docentes abogados y formar una nueva unidad acad\u00e9mica.<\/p>\n<p>Con respecto a la internacionalizaci\u00f3n, el rector manifest\u00f3 que adem\u00e1s de los convenios de movilidad de los profesores y la cultural, las publicaciones y la complementariedad en la investigaci\u00f3n que viene desde hace tiempo, la universidad ha mejorado sustancialmente en los \u00faltimos a\u00f1osen estos aspecto y est\u00e1 apoyando la movilidad estudiantil. Agreg\u00f3 que en el 2018 salieron 235 estudiantes y llegaron 112 a la Universidad.<\/p>\n<p>Con el apoyo de dos miembros del Consejo Superior se planea hacer un programa de padrinazgo, para que los estudiantes se vayan un semestre entero en pasant\u00eda para conocer nuevos desarrollos o complementar investigaciones.<\/p>\n<p>La rendici\u00f3n de cuentas se realiz\u00f3 en el Auditorio de la biblioteca de la Sede Palmira ante un nutrido grupo de estudiantes y funcionarios de varias sedes este lunes 11 de febrero de 2019.<\/p>\n<p>&nbsp;<\/p>\n","protected":false},"excerpt":{"rendered":"<p>Con el prop\u00f3sito de apoyar la formaci\u00f3n docente de los profesores de las sedes regionales de la Universidad, la instituci\u00f3n est\u00e1 programando el ofrecimiento de dos cohortes de los programas acad\u00e9micos de los doctorados en Administraci\u00f3n y en Educaci\u00f3n. Estas cohortes ser\u00edan en la modalidad compartida, en la que los[&#8230;]<\/p>\n","protected":false},"author":1,"featured_media":20840,"comment_status":"open","ping_status":"open","sticky":false,"template":"","format":"standard","meta":{"footnotes":""},"categories":[4],"tags":[],"_links":{"self":[{"href":"https:\/\/emisora.univalle.edu.co\/index.php\/wp-json\/wp\/v2\/posts\/20839"}],"collection":[{"href":"https:\/\/emisora.univalle.edu.co\/index.php\/wp-json\/wp\/v2\/posts"}],"about":[{"href":"https:\/\/emisora.univalle.edu.co\/index.php\/wp-json\/wp\/v2\/types\/post"}],"author":[{"embeddable":true,"href":"https:\/\/emisora.univalle.edu.co\/index.php\/wp-json\/wp\/v2\/users\/1"}],"replies":[{"embeddable":true,"href":"https:\/\/emisora.univalle.edu.co\/index.php\/wp-json\/wp\/v2\/comments?post=20839"}],"version-history":[{"count":1,"href":"https:\/\/emisora.univalle.edu.co\/index.php\/wp-json\/wp\/v2\/posts\/20839\/revisions"}],"predecessor-version":[{"id":20841,"href":"https:\/\/emisora.univalle.edu.co\/index.php\/wp-json\/wp\/v2\/posts\/20839\/revisions\/20841"}],"wp:featuredmedia":[{"embeddable":true,"href":"https:\/\/emisora.univalle.edu.co\/index.php\/wp-json\/wp\/v2\/media\/20840"}],"wp:attachment":[{"href":"https:\/\/emisora.univalle.edu.co\/index.php\/wp-json\/wp\/v2\/media?parent=20839"}],"wp:term":[{"taxonomy":"category","embeddable":true,"href":"https:\/\/emisora.univalle.edu.co\/index.php\/wp-json\/wp\/v2\/categories?post=20839"},{"taxonomy":"post_tag","embeddable":true,"href":"https:\/\/emisora.univalle.edu.co\/index.php\/wp-json\/wp\/v2\/tags?post=20839"}],"curies":[{"name":"wp","href":"https:\/\/api.w.org\/{rel}","templated":true}]}}