{"id":20852,"date":"2019-02-18T10:54:31","date_gmt":"2019-02-18T15:54:31","guid":{"rendered":"https:\/\/emisora.univalle.edu.co\/?p=20852"},"modified":"2019-02-18T10:54:31","modified_gmt":"2019-02-18T15:54:31","slug":"condenan-a-la-nacion-por-asesinato-de-estudiante-de-la-univalle","status":"publish","type":"post","link":"https:\/\/emisora.univalle.edu.co\/index.php\/condenan-a-la-nacion-por-asesinato-de-estudiante-de-la-univalle\/","title":{"rendered":"Condenan a la Naci\u00f3n por asesinato de estudiante de la Univalle"},"content":{"rendered":"<p><span class=\"authorPost\">Agencia de Noticias Univalle<\/span><\/p>\n<div class=\"itemFullText\">\n<p>Tomado de\u00a0<a href=\"https:\/\/m.eltiempo.com\/justicia\/cortes\/condenan-a-la-nacion-por-asesinato-de-la-universidad-del-valle-326994\">El Tiempo<\/a><\/p>\n<p>De acuerdo con el Consejo de Estado, Ej\u00e9rcito no verific\u00f3 claramente su objetivo y a\u00fan as\u00ed dispar\u00f3.<\/p>\n<p>El Ej\u00e9rcito y el Ministerio de Defensa fueron condenados por la ejecuci\u00f3n extrajudicial de la estudiante de la Universidad del Valle,\u00a0Katherine Soto Ospina, quien falleci\u00f3\u00a0por los disparos que recibi\u00f3 por parte de integrantes del Ej\u00e9rcito Nacional el 3 de agosto del 2007 en San Cipriano (Valle).<\/p>\n<p>Para el Consejo de Estado, que profiri\u00f3 el fallo,\u00a0\u201cel ataque de los uniformados no fue en leg\u00edtima defensa (&#8230;)\u00a0<b>sino con el objetivo de dar de baja sin la menor conmiseraci\u00f3n u oportunidad de rendici\u00f3n a los desconocidos<\/b>\u00a0(\u2026) pasando por alto los protocolos en el uso de armas de fuego y los principios del Derecho Internacional Humanitario \u201c, puesto\u00a0que no se identificaron como miembros del Ej\u00e9rcito y abrieron fuego contra objetivos que no estaban plenamente identificados.<\/p>\n<p id=\"p326994-m1217-4-1218\" class=\"contenido\">El alto tribunal reconstruy\u00f3 la crudeza del asesinato gracias, entre otras pruebas, al testimonio de otro estudiante de esa universidad que result\u00f3 herido en el ataque.<\/p>\n<p>Aunque el Ej\u00e9rcito aleg\u00f3 que adelantaban\u00a0un operativo militar porque recibieron\u00a0 informaci\u00f3n de una posible incursi\u00f3n de grupos al margen de la ley en San Cipriano, y que los civiles\u00a0irrumpieron de manera imprudente en el lugar del operativo, por lo que los agentes de la fuerza p\u00fablica infirieron razonablemente que se trataba de integrantes de grupos armados que pod\u00edan atentar contra la tropa.<\/p>\n<p>Los militares se\u00f1alaron que\u00a0<b>abrieron fuego porque vieron que las v\u00edctimas cargaban morrales y no llevaban distintivos que los identificaran<\/b>, pero la Secci\u00f3n Tercera del Consejo de Estado fue tajante en afirmar que: \u201cNo se puede justificar desde ning\u00fan punto de vista que el hecho de no llevar consigo linternas, luces o distintivos, constituya una excusa v\u00e1lida para ser atacado indiscriminadamente por la fuerza p\u00fablica\u00bb.<\/p>\n<p>El alto tribunal tambi\u00e9n dijo que dado que\u00a0<b>la zona es tur\u00edstica y hay gran afluencia de for\u00e1neos y nacionales, el Ej\u00e9rcito debi\u00f3 tener a\u00fan m\u00e1s cuidado y constatar si su objetivo era v\u00e1lido antes a abrir el fuego,\u00a0<\/b>\u00abrecurso que en todo caso debe ser la \u00faltima opci\u00f3n si lo que se pretende es salvaguardar la vida e integridad de la poblaci\u00f3n civil, imperativo que constituye la misi\u00f3n constitucional y legal del Ej\u00e9rcito Nacional\u201d.<\/p>\n<div id=\"p326994-m1222-5-1223\" class=\"articulo-quote\">\n<div class=\"quote-bk\">\n<p id=\"m1226-1225-1227\" class=\"mensaje\">No se puede justificar que el hecho de no llevar consigo linternas, luces o distintivos, constituya una excusa v\u00e1lida para ser atacado indiscriminadamente por la fuerza p\u00fablica<\/p>\n<p class=\"mensaje\">Por la ejecuci\u00f3n de la estudiante\u00a0se conden\u00f3 al Ej\u00e9rcito por\u00a0 falla en el servicio y se orden\u00f3 la reparaci\u00f3n integral de los da\u00f1os ocasionados a los familiares de la v\u00edctima.<\/p>\n<p>El Consejo de Estado le orden\u00f3 a\u00a0la Naci\u00f3n (Ministerio de Defensa y Ejercito) la indemnizaci\u00f3n a los familiares de la v\u00edctima por cerca de $418 millones de pesos, el Ministro de Defensa tambi\u00e9n deber\u00e1 presentar el caso de la familia de la estudiante ante la Unidad Nacional de Protecci\u00f3n, pues denunciaron ser v\u00edctimas de amenazas.<\/p>\n<p>Adem\u00e1s, se deber\u00e1 instalar una placa conmemorativa en Santiago de Cali,<b>\u00a0 que permita recordar y conmemorar los hechos ocurridos, previa aceptaci\u00f3n de la familia afectada.<\/b><\/p>\n<p>La sentencia tambi\u00e9n ser\u00e1 enviada\u00a0al Centro de Memoria Hist\u00f3rica y a la Comisi\u00f3n de Esclarecimiento de la Verdad, la Convivencia y la no Repetici\u00f3n, para facilitar la construcci\u00f3n de la memoria sobre los hechos relacionados con el conflicto armado.<\/p>\n<\/div>\n<\/div>\n<\/div>\n","protected":false},"excerpt":{"rendered":"<p>Agencia de Noticias Univalle Tomado de\u00a0El Tiempo De acuerdo con el Consejo de Estado, Ej\u00e9rcito no verific\u00f3 claramente su objetivo y a\u00fan as\u00ed dispar\u00f3. El Ej\u00e9rcito y el Ministerio de Defensa fueron condenados por la ejecuci\u00f3n extrajudicial de la estudiante de la Universidad del Valle,\u00a0Katherine Soto Ospina, quien falleci\u00f3\u00a0por los[&#8230;]<\/p>\n","protected":false},"author":1,"featured_media":20853,"comment_status":"open","ping_status":"open","sticky":false,"template":"","format":"standard","meta":{"footnotes":""},"categories":[4],"tags":[],"_links":{"self":[{"href":"https:\/\/emisora.univalle.edu.co\/index.php\/wp-json\/wp\/v2\/posts\/20852"}],"collection":[{"href":"https:\/\/emisora.univalle.edu.co\/index.php\/wp-json\/wp\/v2\/posts"}],"about":[{"href":"https:\/\/emisora.univalle.edu.co\/index.php\/wp-json\/wp\/v2\/types\/post"}],"author":[{"embeddable":true,"href":"https:\/\/emisora.univalle.edu.co\/index.php\/wp-json\/wp\/v2\/users\/1"}],"replies":[{"embeddable":true,"href":"https:\/\/emisora.univalle.edu.co\/index.php\/wp-json\/wp\/v2\/comments?post=20852"}],"version-history":[{"count":1,"href":"https:\/\/emisora.univalle.edu.co\/index.php\/wp-json\/wp\/v2\/posts\/20852\/revisions"}],"predecessor-version":[{"id":20854,"href":"https:\/\/emisora.univalle.edu.co\/index.php\/wp-json\/wp\/v2\/posts\/20852\/revisions\/20854"}],"wp:featuredmedia":[{"embeddable":true,"href":"https:\/\/emisora.univalle.edu.co\/index.php\/wp-json\/wp\/v2\/media\/20853"}],"wp:attachment":[{"href":"https:\/\/emisora.univalle.edu.co\/index.php\/wp-json\/wp\/v2\/media?parent=20852"}],"wp:term":[{"taxonomy":"category","embeddable":true,"href":"https:\/\/emisora.univalle.edu.co\/index.php\/wp-json\/wp\/v2\/categories?post=20852"},{"taxonomy":"post_tag","embeddable":true,"href":"https:\/\/emisora.univalle.edu.co\/index.php\/wp-json\/wp\/v2\/tags?post=20852"}],"curies":[{"name":"wp","href":"https:\/\/api.w.org\/{rel}","templated":true}]}}