{"id":20869,"date":"2019-02-20T13:59:54","date_gmt":"2019-02-20T18:59:54","guid":{"rendered":"https:\/\/emisora.univalle.edu.co\/?p=20869"},"modified":"2019-02-20T13:59:54","modified_gmt":"2019-02-20T18:59:54","slug":"nuevo-presidente-de-la-asociacion-colombiana-de-medicina-fisica-y-rehabilitacion","status":"publish","type":"post","link":"https:\/\/emisora.univalle.edu.co\/index.php\/nuevo-presidente-de-la-asociacion-colombiana-de-medicina-fisica-y-rehabilitacion\/","title":{"rendered":"Nuevo presidente de la Asociaci\u00f3n Colombiana de Medicina F\u00edsica y Rehabilitaci\u00f3n"},"content":{"rendered":"<p><span class=\"authorPost\">Agencia de Noticias Univalle<\/span><\/p>\n<div class=\"itemFullText\">\n<p>El profesor Enrique Avelino Est\u00e9vez Rivera, del Departamento de Medicina F\u00edsica y Rehabilitaci\u00f3n de la Universidad del Valle, fue elegido de manera un\u00e1nime como presidente de la Asociaci\u00f3n Colombiana de Medicina F\u00edsica y Rehabilitaci\u00f3n.<\/p>\n<p>Esta decisi\u00f3n se tom\u00f3 en el \u00faltimo Congreso de dicha especialidad y su periodo como dirigente de esta asociaci\u00f3n ir\u00e1 hasta el 2020. El m\u00e9dico Est\u00e9vez Rivera relev\u00f3 como presidente de esta asociaci\u00f3n a Mario Giraldo, m\u00e9dico fisiatra de la Universidad de Antioquia.<\/p>\n<p>El profesor Enrique Avelino Est\u00e9vez se gradu\u00f3 de m\u00e9dico en la Universidad Javeriana de Bogot\u00e1, obtuvo su t\u00edtulo de fisiatra en la Universidad del Bosque y es profesor de la Universidad del Valle desde hace 12 a\u00f1os, en donde se ha desempe\u00f1ado como docente de pregrado en la c\u00e1tedra de dolor y fisiatr\u00eda, y en posgrado en fisiatr\u00eda general. Tambi\u00e9n trabaja en el servicio de rehabilitaci\u00f3n del Hospital Universitario del Valle, en el \u00e1rea de Trauma Raquiomedular y de Fisiatr\u00eda General.<\/p>\n<p>Algunos retos que el profesor afrontar\u00e1 como presidente de la mencionada entidad ser\u00e1n: el manejo en el aspecto gremial, la parte de acreditaci\u00f3n, que es muy importante para la Asociaci\u00f3n y el manejo de la nueva Clasificaci\u00f3n \u00danica de Procedimiento en Salud (CUPS). En la parte acad\u00e9mica, la Asociaci\u00f3n tiene dos grandes desaf\u00edos, el primero es la organizaci\u00f3n del Congreso Internacional de Ecograf\u00eda M\u00fasculo-Esquel\u00e9tica, que se realizar\u00e1 en octubre de este a\u00f1o en Armenia, y el Congreso Nacional de Medicina F\u00edsica y Rehabilitaci\u00f3n, que se desarrollar\u00e1 en 2020.<\/p>\n<p>El profesor Est\u00e9vez resalta que trabajan desde ahora en la posibilidad de que Colombia sea la sede del Congreso Mundial de Medicina F\u00edsica y Rehabilitaci\u00f3n para el a\u00f1o 2023 en Cartagena.<\/p>\n<p>\u201cEs motivo de orgullo que nosotros en el Valle del Cauca y espec\u00edficamente en nuestra Universidad, tengamos una representaci\u00f3n gremial importante; aspiro a poder representarlos de una manera muy adecuada y lograr las metas tanto en lo gremial como en lo acad\u00e9mico\u201d indic\u00f3 el docente universitario.<\/p>\n<\/div>\n","protected":false},"excerpt":{"rendered":"<p>Agencia de Noticias Univalle El profesor Enrique Avelino Est\u00e9vez Rivera, del Departamento de Medicina F\u00edsica y Rehabilitaci\u00f3n de la Universidad del Valle, fue elegido de manera un\u00e1nime como presidente de la Asociaci\u00f3n Colombiana de Medicina F\u00edsica y Rehabilitaci\u00f3n. Esta decisi\u00f3n se tom\u00f3 en el \u00faltimo Congreso de dicha especialidad y[&#8230;]<\/p>\n","protected":false},"author":1,"featured_media":20870,"comment_status":"open","ping_status":"open","sticky":false,"template":"","format":"standard","meta":{"footnotes":""},"categories":[4],"tags":[],"_links":{"self":[{"href":"https:\/\/emisora.univalle.edu.co\/index.php\/wp-json\/wp\/v2\/posts\/20869"}],"collection":[{"href":"https:\/\/emisora.univalle.edu.co\/index.php\/wp-json\/wp\/v2\/posts"}],"about":[{"href":"https:\/\/emisora.univalle.edu.co\/index.php\/wp-json\/wp\/v2\/types\/post"}],"author":[{"embeddable":true,"href":"https:\/\/emisora.univalle.edu.co\/index.php\/wp-json\/wp\/v2\/users\/1"}],"replies":[{"embeddable":true,"href":"https:\/\/emisora.univalle.edu.co\/index.php\/wp-json\/wp\/v2\/comments?post=20869"}],"version-history":[{"count":1,"href":"https:\/\/emisora.univalle.edu.co\/index.php\/wp-json\/wp\/v2\/posts\/20869\/revisions"}],"predecessor-version":[{"id":20871,"href":"https:\/\/emisora.univalle.edu.co\/index.php\/wp-json\/wp\/v2\/posts\/20869\/revisions\/20871"}],"wp:featuredmedia":[{"embeddable":true,"href":"https:\/\/emisora.univalle.edu.co\/index.php\/wp-json\/wp\/v2\/media\/20870"}],"wp:attachment":[{"href":"https:\/\/emisora.univalle.edu.co\/index.php\/wp-json\/wp\/v2\/media?parent=20869"}],"wp:term":[{"taxonomy":"category","embeddable":true,"href":"https:\/\/emisora.univalle.edu.co\/index.php\/wp-json\/wp\/v2\/categories?post=20869"},{"taxonomy":"post_tag","embeddable":true,"href":"https:\/\/emisora.univalle.edu.co\/index.php\/wp-json\/wp\/v2\/tags?post=20869"}],"curies":[{"name":"wp","href":"https:\/\/api.w.org\/{rel}","templated":true}]}}