{"id":20872,"date":"2019-02-20T14:01:07","date_gmt":"2019-02-20T19:01:07","guid":{"rendered":"https:\/\/emisora.univalle.edu.co\/?p=20872"},"modified":"2019-02-20T14:01:07","modified_gmt":"2019-02-20T19:01:07","slug":"doctorado-en-salud-graduara-a-su-primera-egresada","status":"publish","type":"post","link":"https:\/\/emisora.univalle.edu.co\/index.php\/doctorado-en-salud-graduara-a-su-primera-egresada\/","title":{"rendered":"Doctorado en Salud graduar\u00e1 a su primera egresada"},"content":{"rendered":"<p><span class=\"authorPost\">Agencia de Noticias Univalle<\/span><\/p>\n<div class=\"itemFullText\">\n<p>Mar\u00eda Teresa Varela Ar\u00e9valo ser\u00e1 la primera egresada del Proggrama Acad\u00e9mico de Doctorado en Salud de la Universidad del Valle, luego de presentar, el pasado 28 de enero de 2019, la sustentaci\u00f3n de su tesis doctoral, titulada \u00abRelaci\u00f3n entre los ambientes escolares, los ambientes de los hogares y los h\u00e1bitos de alimentaci\u00f3n infantil en la ciudad de Cali\u00bb.<\/p>\n<p>El trabajo y los resultados encontrados por la doctoranda llevaron a la aprobaci\u00f3n de la tesis con la distinci\u00f3n de Meritoria, hecho remarcable puesto que es la primer candidata a grado del programa Doctorado en Salud.<\/p>\n<p style=\"text-align: center;\"><iframe loading=\"lazy\" src=\"https:\/\/www.youtube.com\/embed\/j1FYazcqtVo\" width=\"560\" height=\"315\" frameborder=\"0\" allowfullscreen=\"allowfullscreen\" data-mce-fragment=\"1\"><\/iframe><\/p>\n<p>Mar\u00eda Teresa es psic\u00f3loga de la Pontificia Universidad Javeriana, con maestr\u00eda en epidemiolog\u00eda de la Universidad del Valle. Actualmente se desempe\u00f1a como profesora de planta en la Universidad Javeriana, sede Cali, en los programas acad\u00e9micos de Psicolog\u00eda y Psicolog\u00eda de la Salud.<\/p>\n<p>Fabi\u00e1n M\u00e9ndez Paz, profesor titular de la Escuela de Salud P\u00fablica y director de la tesis de Mar\u00eda Teresa Varela, asegura que la experiencia de dirigir este trabajo fue enriquecedora, teniendo en cuenta que la investigaci\u00f3n se realiz\u00f3 siguiendo una apuesta metodol\u00f3gica diferente, que adem\u00e1s es tambi\u00e9n \u00e9tica y pol\u00edtica, acentuando el compromiso de la universidad de realizar investigaciones encaminadas a reducir las brechas e inequidades del contexto colombiano y latinoamericano.<\/p>\n<p style=\"text-align: center;\"><iframe loading=\"lazy\" src=\"https:\/\/www.youtube.com\/embed\/gsUzHgtaJvc\" width=\"560\" height=\"315\" frameborder=\"0\" allowfullscreen=\"allowfullscreen\" data-mce-fragment=\"1\"><\/iframe><\/p>\n<p>En el caso de esta relaci\u00f3n entre la alimentaci\u00f3n infantil y los ambientes escolares y familiares, las diferentes variables en la investigaci\u00f3n se analizaron a la luz de la premisa que las elecciones en la alimentaci\u00f3n de los ni\u00f1os, van m\u00e1s all\u00e1 de una elecci\u00f3n individual o de cada familia en particular, entendiendo que son procesos complejos que dependen de los contextos y est\u00e1n mediados por diferentes factores sociales, culturales y econ\u00f3micos.<\/p>\n<p>Claudia Patricia Valencia, enfermera con Doctorado (Ph.D.) en Salud P\u00fablica, profesora titular de la Escuela de Enfermer\u00eda, quien particip\u00f3 como jurado de la tesis de Mar\u00eda Teresa Varela; destaca c\u00f3mo la formaci\u00f3n doctoral se ve ampliamente reflejada en el trabajo final y explic\u00f3 que uno de los componentes fundamentales para otorgarle la distinci\u00f3n de \u2018Meritoria\u2019 fue la rigurosidad en la investigaci\u00f3n, la cual integr\u00f3 m\u00e9todos cualitativos y cuantitativos que aportaron significativamente a la resoluci\u00f3n de la problem\u00e1tica planteada.<\/p>\n<p style=\"text-align: center;\"><iframe loading=\"lazy\" src=\"https:\/\/www.youtube.com\/embed\/JoiN31PKTbQ\" width=\"560\" height=\"315\" frameborder=\"0\" allowfullscreen=\"allowfullscreen\" data-mce-fragment=\"1\"><\/iframe><\/p>\n<p>La profesora Lena Isabel Barrera Vergara, coordinadora del Doctorado en Salud, se\u00f1ala que este es un programa creado con el objetivo de realizar investigaci\u00f3n en poblaciones y en humanos, encaminada a la generaci\u00f3n de conocimiento interdisciplinario, multidisciplinario y transdisciplinario en salud; una investigaci\u00f3n que no est\u00e1 estrictamente ligada al campo de las ciencias b\u00e1sicas, e incluye estudios en \u00e1reas como epidemiolog\u00eda, salud p\u00fablica, psicolog\u00eda, sociolog\u00eda, entre otras; una visi\u00f3n hol\u00edstica basada en las ciencias sociales, human\u00edsticas y del campo de la salud, un enfoque integral para resolver problem\u00e1ticas de la salud en las comunidades.<\/p>\n<p>Ese hecho marca un hito para la formaci\u00f3n doctoral en la Facultad de Salud de la Universidad del Valle y se enmarca en su misi\u00f3n de contribuir a la construcci\u00f3n y consolidaci\u00f3n de una sociedad justa, democr\u00e1tica y saludable, a trav\u00e9s de una educaci\u00f3n integral en salud y centrada en lo humano, explic\u00f3 la docente.<\/p>\n<\/div>\n","protected":false},"excerpt":{"rendered":"<p>Agencia de Noticias Univalle Mar\u00eda Teresa Varela Ar\u00e9valo ser\u00e1 la primera egresada del Proggrama Acad\u00e9mico de Doctorado en Salud de la Universidad del Valle, luego de presentar, el pasado 28 de enero de 2019, la sustentaci\u00f3n de su tesis doctoral, titulada \u00abRelaci\u00f3n entre los ambientes escolares, los ambientes de los[&#8230;]<\/p>\n","protected":false},"author":1,"featured_media":20873,"comment_status":"open","ping_status":"open","sticky":false,"template":"","format":"standard","meta":{"footnotes":""},"categories":[4],"tags":[],"_links":{"self":[{"href":"https:\/\/emisora.univalle.edu.co\/index.php\/wp-json\/wp\/v2\/posts\/20872"}],"collection":[{"href":"https:\/\/emisora.univalle.edu.co\/index.php\/wp-json\/wp\/v2\/posts"}],"about":[{"href":"https:\/\/emisora.univalle.edu.co\/index.php\/wp-json\/wp\/v2\/types\/post"}],"author":[{"embeddable":true,"href":"https:\/\/emisora.univalle.edu.co\/index.php\/wp-json\/wp\/v2\/users\/1"}],"replies":[{"embeddable":true,"href":"https:\/\/emisora.univalle.edu.co\/index.php\/wp-json\/wp\/v2\/comments?post=20872"}],"version-history":[{"count":1,"href":"https:\/\/emisora.univalle.edu.co\/index.php\/wp-json\/wp\/v2\/posts\/20872\/revisions"}],"predecessor-version":[{"id":20874,"href":"https:\/\/emisora.univalle.edu.co\/index.php\/wp-json\/wp\/v2\/posts\/20872\/revisions\/20874"}],"wp:featuredmedia":[{"embeddable":true,"href":"https:\/\/emisora.univalle.edu.co\/index.php\/wp-json\/wp\/v2\/media\/20873"}],"wp:attachment":[{"href":"https:\/\/emisora.univalle.edu.co\/index.php\/wp-json\/wp\/v2\/media?parent=20872"}],"wp:term":[{"taxonomy":"category","embeddable":true,"href":"https:\/\/emisora.univalle.edu.co\/index.php\/wp-json\/wp\/v2\/categories?post=20872"},{"taxonomy":"post_tag","embeddable":true,"href":"https:\/\/emisora.univalle.edu.co\/index.php\/wp-json\/wp\/v2\/tags?post=20872"}],"curies":[{"name":"wp","href":"https:\/\/api.w.org\/{rel}","templated":true}]}}