{"id":20885,"date":"2019-02-27T15:49:33","date_gmt":"2019-02-27T20:49:33","guid":{"rendered":"https:\/\/emisora.univalle.edu.co\/?p=20885"},"modified":"2019-02-27T15:49:33","modified_gmt":"2019-02-27T20:49:33","slug":"programa-jovenes-sin-fronteras-esta-dando-resultados","status":"publish","type":"post","link":"https:\/\/emisora.univalle.edu.co\/index.php\/programa-jovenes-sin-fronteras-esta-dando-resultados\/","title":{"rendered":"Programa J\u00f3venes sin Fronteras est\u00e1 dando resultados"},"content":{"rendered":"<p><span class=\"authorPost\">Agencia de Noticias Univalle<\/span><\/p>\n<div class=\"itemFullText\">\n<p>Por a\u00f1os, los conflictos entre pandillas de las diferentes comunas de Cali fueron pan de cada d\u00eda. Heridos y muertos en ri\u00f1as, por temas como el microtr\u00e1fico o las fronteras invisibles, era lo que a diario enfrentaban los miembros de pandillas y habitantes de las diferentes comunas de la ciudad.<\/p>\n<p>A partir del a\u00f1o 2016, se empez\u00f3 a ejecutar el Programa Tratamiento Integral a Pandillas- TIP J\u00f3venes Sin Fronteras, con fondos de la Secretar\u00eda de Seguridad y Justicia de la Alcald\u00eda de Santiago de Cali, como parte del Plan de Desarrollo Municipal 2016-1019, ejecutado por la Universidad del Valle, a trav\u00e9s del Instituto Cisalva, en conjunto con la Polic\u00eda Metropolitana de Cali.<\/p>\n<p>El prop\u00f3sito del programa es desarrollar un proceso de intervenci\u00f3n psicosocial, desde una perspectiva integral, que promueva la inclusi\u00f3n social de estos j\u00f3venes y otorgue las garant\u00edas para la restituci\u00f3n de derechos a miembros de pandillas que han sido identificadas previamente.<\/p>\n<p>Impactar la vida de estos j\u00f3venes, brindarles nuevas oportunidades, llevarlos de la mano a un cambio real y duradero se convirti\u00f3 en el objetivo principal de todo un equipo de trabajo que ha venido dando lo mejor de s\u00ed durante estos a\u00f1os.<\/p>\n<p>Los resultados se han visto, seg\u00fan las cifras del Observatorio Social de la Alcald\u00eda de Cali, entre los per\u00edodos de enero de 2016 y diciembre de 2018, se evidencia una notoria reducci\u00f3n de homicidios ligados a pandillas en las comunas intervenidas por el programa (1, 13, 14, 15, 16, 18, 20 y 21).<\/p>\n<p><img loading=\"lazy\" decoding=\"async\" class=\"aligncenter\" src=\"http:\/\/drive.google.com\/uc?export=view&amp;id=10gCoSnn-_BFhcGoF3-EwxJAvtlmgH87x\" alt=\"Cifras proyecto TIP\" width=\"760\" height=\"267\" \/><\/p>\n<p>Adem\u00e1s, cerrar el a\u00f1o 2018 con el reporte que en la celebraci\u00f3n de fin de a\u00f1o (31 de diciembre) no hubo una sola muerte violenta por pandillas en estas comunas, supone un gran logro, pues no es un secreto que en estas fechas hay un incremento en el consumo de sustancias psicoactivas y alcohol, lo que provoca que lo comportamientos sean m\u00e1s agresivos y por lo tanto se evidencien acciones violentas.<\/p>\n<p>La intervenci\u00f3n psicosocial recibida les ha permitido entender las din\u00e1micas de la vida, a restaurarse de sus adicciones y a plantearse objetivos reales y tangibles, tambi\u00e9n se les ha apoyado para que muchos validen el bachillerato y a otros para que accedan a educaci\u00f3n t\u00e9cnica o superior, se les ha brindado oportunidades laborales mostr\u00e1ndoles que hay otros caminos que les permite integrarse de una mejor manera a la sociedad.<\/p>\n<p>As\u00ed lo manifiesta Jorlan Eliel Z\u00fa\u00f1iga, un joven de 26 a\u00f1os del barrio El Poblado II de la comuna 13, integrante del grupo \u201cEl Puesto\u201d, creci\u00f3 viendo el conflicto de las pandillas, perteneci\u00f3 a ellas, no porque tuviera una causa en particular, es lo que vio desde peque\u00f1o. \u00c9l lo describe como algo que se hereda y reconoce como el \u00fanico camino que ten\u00eda sino se hubiera unido al programa. Su rumbo terminar\u00eda en la c\u00e1rcel o con la muerte.<\/p>\n<p>Se desempe\u00f1\u00f3 como gestor ambiental del DAGMA y actualmente trabaja como enlace del grupo \u201cEl Puesto\u201d, su labor principal es brindar el acompa\u00f1amiento de los j\u00f3venes en terreno, es el puente entre los j\u00f3venes con el resto del equipo de trabajo, educadores, gestores y coordinadores. El ser enlace fue algo que se gan\u00f3 debido a su excelente desempe\u00f1o y compromiso dentro del programa, pues sus ganas de cambio le han permitido empezar a superarse, \u201cvalid\u00e9 el bachillerato en un acelerado, me enfoqu\u00e9 en otras cosas, hice un curso en el SENA, mi sue\u00f1o es estudiar medicina forense o criminal\u00edstica\u201d. Adem\u00e1s, super\u00f3 su problema de adicci\u00f3n a las sustancias psicoactivas, form\u00f3 una familia y planea seguir trabajando fuertemente para tener una casa propia para que en un futuro su hijo tenga un techo.<\/p>\n<p>Continuar trabajando adecuadamente es el compromiso de todos los que hacen parte de este proyecto, seguir brindando los espacios para el cambio, seguir impactando las vidas de los j\u00f3venes que necesitan de mejores oportunidades para salir adelante, es y seguir\u00e1 siendo el objetivo principal de todos los que han tenido la fortuna de hacer parte de este Proyecto.<\/p>\n<p>Conozca m\u00e1s sobre el proyecto\u00a0<a href=\"http:\/\/cisalva.univalle.edu.co\/index.php\/proyectos-actuales\/en-ejecucion\" target=\"_blank\" rel=\"noopener noreferrer\">en este enlace<\/a><\/p>\n<\/div>\n","protected":false},"excerpt":{"rendered":"<p>Agencia de Noticias Univalle Por a\u00f1os, los conflictos entre pandillas de las diferentes comunas de Cali fueron pan de cada d\u00eda. Heridos y muertos en ri\u00f1as, por temas como el microtr\u00e1fico o las fronteras invisibles, era lo que a diario enfrentaban los miembros de pandillas y habitantes de las diferentes[&#8230;]<\/p>\n","protected":false},"author":1,"featured_media":20886,"comment_status":"open","ping_status":"open","sticky":false,"template":"","format":"standard","meta":{"footnotes":""},"categories":[4],"tags":[],"_links":{"self":[{"href":"https:\/\/emisora.univalle.edu.co\/index.php\/wp-json\/wp\/v2\/posts\/20885"}],"collection":[{"href":"https:\/\/emisora.univalle.edu.co\/index.php\/wp-json\/wp\/v2\/posts"}],"about":[{"href":"https:\/\/emisora.univalle.edu.co\/index.php\/wp-json\/wp\/v2\/types\/post"}],"author":[{"embeddable":true,"href":"https:\/\/emisora.univalle.edu.co\/index.php\/wp-json\/wp\/v2\/users\/1"}],"replies":[{"embeddable":true,"href":"https:\/\/emisora.univalle.edu.co\/index.php\/wp-json\/wp\/v2\/comments?post=20885"}],"version-history":[{"count":1,"href":"https:\/\/emisora.univalle.edu.co\/index.php\/wp-json\/wp\/v2\/posts\/20885\/revisions"}],"predecessor-version":[{"id":20887,"href":"https:\/\/emisora.univalle.edu.co\/index.php\/wp-json\/wp\/v2\/posts\/20885\/revisions\/20887"}],"wp:featuredmedia":[{"embeddable":true,"href":"https:\/\/emisora.univalle.edu.co\/index.php\/wp-json\/wp\/v2\/media\/20886"}],"wp:attachment":[{"href":"https:\/\/emisora.univalle.edu.co\/index.php\/wp-json\/wp\/v2\/media?parent=20885"}],"wp:term":[{"taxonomy":"category","embeddable":true,"href":"https:\/\/emisora.univalle.edu.co\/index.php\/wp-json\/wp\/v2\/categories?post=20885"},{"taxonomy":"post_tag","embeddable":true,"href":"https:\/\/emisora.univalle.edu.co\/index.php\/wp-json\/wp\/v2\/tags?post=20885"}],"curies":[{"name":"wp","href":"https:\/\/api.w.org\/{rel}","templated":true}]}}