{"id":20895,"date":"2019-03-04T13:00:35","date_gmt":"2019-03-04T18:00:35","guid":{"rendered":"https:\/\/emisora.univalle.edu.co\/?p=20895"},"modified":"2019-03-04T13:00:35","modified_gmt":"2019-03-04T18:00:35","slug":"representantes-profesorales-de-universidades-publicas-se-reunen-en-cali","status":"publish","type":"post","link":"https:\/\/emisora.univalle.edu.co\/index.php\/representantes-profesorales-de-universidades-publicas-se-reunen-en-cali\/","title":{"rendered":"Representantes profesorales de universidades p\u00fablicas se re\u00fanen en Cali"},"content":{"rendered":"<p><span class=\"authorPost\">Agencia de Noticias Univalle<\/span><\/p>\n<div class=\"itemFullText\">\n<p>La Universidad del Valle ser\u00e1 sede de la Asamblea Nacional de Representantes Profesorales ante los Consejos Superior y Acad\u00e9mico de las universidades p\u00fablicas del pa\u00eds -ARPUP, que se adelantar\u00e1 el jueves 7 y viernes 8 de marzo de 2019.<\/p>\n<p>Durante el evento se realizar\u00e1 un balance de ARPUP sobre los procesos de la educaci\u00f3n superior p\u00fablica correspondientes al 2018 y se presentar\u00e1n los informes de los representantes del Consejo Nacional de Educaci\u00f3n Superior \u2013 CESU, de la Mesa de Seguimiento del Decreto 1279 de 2002, de los delegados de ARPUP en la Mesa de Di\u00e1logo Nacional y de los representantes ante los consejos universitarios.<\/p>\n<p>En la Asamblea tambi\u00e9n se discutir\u00e1 la agenda del ARPUP para el 2019, especialmente en lo relativo a los compromisos para la implementaci\u00f3n de los acuerdos de la Mesa de Di\u00e1logo y la agenda del profesorado en relaci\u00f3n con la defensa de la educaci\u00f3n p\u00fablica superior.<\/p>\n<p>Uno de los puntos a tratar en defensa de la educaci\u00f3n p\u00fablica superior est\u00e1 relacionado con la aprobaci\u00f3n de un plebiscito por la educaci\u00f3n superior, como un derecho fundamental, cuya inscripci\u00f3n ya se realiz\u00f3 ante la Registradur\u00eda Nacional del Estado Civil.<\/p>\n<p>Otros de los t\u00f3picos que discutir\u00e1 ARPUP est\u00e1 relacionado con la pol\u00edtica de Colciencias sobre la indexaci\u00f3n de las revistas especializadas y la inversi\u00f3n de recursos frescos que llegar\u00e1n a las universidades por efecto del Acuerdo Estudiantil y Estamentos universitarios con el Gobierno Nacional.<\/p>\n<\/div>\n","protected":false},"excerpt":{"rendered":"<p>Agencia de Noticias Univalle La Universidad del Valle ser\u00e1 sede de la Asamblea Nacional de Representantes Profesorales ante los Consejos Superior y Acad\u00e9mico de las universidades p\u00fablicas del pa\u00eds -ARPUP, que se adelantar\u00e1 el jueves 7 y viernes 8 de marzo de 2019. Durante el evento se realizar\u00e1 un balance[&#8230;]<\/p>\n","protected":false},"author":1,"featured_media":20896,"comment_status":"open","ping_status":"open","sticky":false,"template":"","format":"standard","meta":{"footnotes":""},"categories":[4],"tags":[],"_links":{"self":[{"href":"https:\/\/emisora.univalle.edu.co\/index.php\/wp-json\/wp\/v2\/posts\/20895"}],"collection":[{"href":"https:\/\/emisora.univalle.edu.co\/index.php\/wp-json\/wp\/v2\/posts"}],"about":[{"href":"https:\/\/emisora.univalle.edu.co\/index.php\/wp-json\/wp\/v2\/types\/post"}],"author":[{"embeddable":true,"href":"https:\/\/emisora.univalle.edu.co\/index.php\/wp-json\/wp\/v2\/users\/1"}],"replies":[{"embeddable":true,"href":"https:\/\/emisora.univalle.edu.co\/index.php\/wp-json\/wp\/v2\/comments?post=20895"}],"version-history":[{"count":1,"href":"https:\/\/emisora.univalle.edu.co\/index.php\/wp-json\/wp\/v2\/posts\/20895\/revisions"}],"predecessor-version":[{"id":20897,"href":"https:\/\/emisora.univalle.edu.co\/index.php\/wp-json\/wp\/v2\/posts\/20895\/revisions\/20897"}],"wp:featuredmedia":[{"embeddable":true,"href":"https:\/\/emisora.univalle.edu.co\/index.php\/wp-json\/wp\/v2\/media\/20896"}],"wp:attachment":[{"href":"https:\/\/emisora.univalle.edu.co\/index.php\/wp-json\/wp\/v2\/media?parent=20895"}],"wp:term":[{"taxonomy":"category","embeddable":true,"href":"https:\/\/emisora.univalle.edu.co\/index.php\/wp-json\/wp\/v2\/categories?post=20895"},{"taxonomy":"post_tag","embeddable":true,"href":"https:\/\/emisora.univalle.edu.co\/index.php\/wp-json\/wp\/v2\/tags?post=20895"}],"curies":[{"name":"wp","href":"https:\/\/api.w.org\/{rel}","templated":true}]}}