{"id":20904,"date":"2019-03-05T14:32:27","date_gmt":"2019-03-05T19:32:27","guid":{"rendered":"https:\/\/emisora.univalle.edu.co\/?p=20904"},"modified":"2019-03-05T14:32:27","modified_gmt":"2019-03-05T19:32:27","slug":"universidades-del-valle-y-de-antioquia-emprenden-un-plan-ampliado-de-cooperacion","status":"publish","type":"post","link":"https:\/\/emisora.univalle.edu.co\/index.php\/universidades-del-valle-y-de-antioquia-emprenden-un-plan-ampliado-de-cooperacion\/","title":{"rendered":"Universidades del Valle y de Antioquia emprenden un plan ampliado de cooperaci\u00f3n"},"content":{"rendered":"<p>Agencia de Noticias Univalle<br \/>\nUna alianza entre la segunda y tercera universidades p\u00fablicas de Colombia se sell\u00f3 luego de la reuni\u00f3n sostenida en Medell\u00edn entre directivas de las dos instituciones que en su conjunto ofrecen educaci\u00f3n superior a m\u00e1s de 80 mil colombianos<\/p>\n<p>La reuni\u00f3n, presidida por el rector y el rector de la Universidad de Antioquia, John Jairo Arboleda C\u00e9spedes y el rector de Univalle, Edgar Varela Barrios, gir\u00f3 en torno a los sistemas de regionalizaci\u00f3n, los componentes de formaci\u00f3n virtual y temas de orden administrativo y jur\u00eddico que se requieren en las dos universidades y que, a trav\u00e9s de cooperaci\u00f3n pueden ser procesos m\u00e1s eficientes y eficaces.<\/p>\n<p>\u201cHay \u00e1reas en las que llevamos d\u00e9cadas trabajando de la mano, y lo que queremos ahora b\u00e1sicamente desde las dos rector\u00edas, es definir unos temas y unos t\u00f3picos para hacer un trabajo conjunto que no se ha hecho y que nos va a fortalecer a ambas universidades\u201d se\u00f1al\u00f3 durante la reuni\u00f3n el rector Edgar Varela Barrios.<\/p>\n<p>\u201cLas universidades p\u00fablicas tenemos que sentarnos a tratar problemas comunes. Esta visita marca esa tendencia y procuraremos mantenerla. Vamos a definir unos temas espec\u00edficos a partir de una agenda que trabajaremos, con todo el entusiasmo y el compromiso, para el fortalecimiento de las dos universidades\u201d, destac\u00f3 el rector de la Universidad de Antioquia John Jairo Arboleda C\u00e9spedes.<\/p>\n<p>El profesor Varela estuvo acompa\u00f1ado por el director de la Oficina de Planeaci\u00f3n y Desarrollo Institucional Carlos Hern\u00e1n Gonz\u00e1lez Campo, el director del Sistema de Regionalizaci\u00f3n, Jairo Corchuelo Ojeda y el director de Comunicaciones Universitarias, Ernesto Jos\u00e9 Piedrahita.<\/p>\n<p>Por parte de la Universidad de Antioquia participaron, adem\u00e1s del rector Arboleda, el director de Regionalizaci\u00f3n Jorge Iv\u00e1n Gallego; el vicerrector administrativo Ram\u00f3n Javier Meza y el director de Planeaci\u00f3n y Desarrollo Institucional Jaime Ignacio Montoya Giraldo.<\/p>\n<p>El profesor Varela se\u00f1al\u00f3 que a la fecha no hay un solo doctorado conjunto entre la Universidad Nacional, la Universidad de Antioquia y la Universidad del Valle. \u201cTenemos el doctorado de Ciencias del Mar en donde est\u00e1 la de Antioquia y la Universidad del Valle, pero en general no hemos logrado construir un programa de formaci\u00f3n avanzada conjunto\u201d. Puso como ejemplo el caso del programa Colombia Cient\u00edfica y record\u00f3 que cuando se hizo la convocatoria a este programa s\u00ed se hicieron alianzas, pero no hubo un proceso espec\u00edfico de trabajar de la mano con las grandes universidades en proyectos conjuntos.<\/p>\n<p>Sobre la regionalizaci\u00f3n, uno de los temas de la reuni\u00f3n, \u201cHay una propuesta ambiciosa de darle una nueva dimensi\u00f3n al Sistema de Regionalizaci\u00f3n. Nos interesa conocer el modelo de regionalizaci\u00f3n de la UdeA y construir escenarios de aprendizaje y de intercambio de experiencias. Tambi\u00e9n nos interesa ver el manejo de la matr\u00edcula de los alumnos virtuales, c\u00f3mo se manejan los sistemas de informaci\u00f3n de la universidad, as\u00ed como t\u00f3picos administrativos como seguridad y vigilancia. Las universidades nos parecemos mucho m\u00e1s de lo que creemos y vale la pena, no solamente ver los esfuerzos en experiencias compartidas, sino que en algunos temas nos podemos asociar\u201d a\u00f1adi\u00f3 el rector Varela Barrios.<\/p>\n<p>Estas similitudes tambi\u00e9n fueron reconocidas por el rector Arboleda C\u00e9spedes quien explic\u00f3 que \u201cAmbas universidades son ejemplo en el pa\u00eds porque tienen un modelo ajustado, de acuerdo a sus regiones. Nos mueve, por supuesto, un compromiso con el desarrollo integral en todos los territorios departamentales. Hemos sido reconocidas, en el pa\u00eds, como parte de las mejores instituciones de educaci\u00f3n superior, por lo tanto, esperamos sumar esfuerzos y hacer un acompa\u00f1amiento mutuo.<\/p>\n<p>A su turno el rector Varela manifest\u00f3 su inter\u00e9s en asuntos como la oferta conjunta de servicios, esquemas de manejo de la matr\u00edcula, en espec\u00edfico para alumnos virtuales, verificar c\u00f3mo se manejan los sistemas de informaci\u00f3n de las universidades, establecer con qui\u00e9nes se est\u00e1n haciendo desarrollos en el trabajo administrativo, en seguridad, en vigilancia. \u201cEn todos estos t\u00f3picos administrativos yo creo que las universidades nos parecemos mucho m\u00e1s de lo que creemos y vale la pena no solamente ver los esfuerzos de experiencias compartidas si no de algunos t\u00f3picos nos podemos en que nos podemos asociar tales como las redes digitales y para el cubrimiento de otras necesidades actuales.<\/p>\n<p>Durante la reuni\u00f3n se dialog\u00f3 sobre la posibilidad de abrir doctorados en conjunto, incluyendo tambi\u00e9n a la Universidad Nacional en \u00e1reas como gobierno, pol\u00edticas p\u00fablicas y administraci\u00f3n, adem\u00e1s de trabajar otros proyectos de manera mancomunada, financiados a trav\u00e9s del Sistema de Regal\u00edas.<\/p>\n<p>\u201cAhora que se ha modificado el marco normativo y legal de las regal\u00edas, y que se desarrollar\u00e1n convocatorias nacionales, vemos una oportunidad para que las universidades p\u00fablicas nos asociemos y presentar proyectos conjuntos\u201d se\u00f1al\u00f3 el rector de la UdeA.<\/p>\n<p>El rector de Univalle, destac\u00f3 que, en la recientemente conformada Misi\u00f3n de Sabios, la Universidad del Valle tiene el liderazgo del \u00e1rea de Oceanograf\u00eda e Hidrolog\u00eda y la Universidad de Antioquia lidera el componente de Ciencias de la Salud y de la Vida y que es necesario que en estos temas en donde hay liderazgo se acuerden desarrollo y procesos conjuntos interuniversidades, con el Ministerio de Educaci\u00f3n, Colciencias y la Vicepresidencia de la Rep\u00fablica.<\/p>\n<p>En la reuni\u00f3n de directivos de las dos instituciones tambi\u00e9n se dialog\u00f3 sobre una estrategia para la promoci\u00f3n de las publicaciones impresas de las dos universidades y el desarrollo de publicaciones conjuntas en \u00e1reas como administraci\u00f3n, historia, ingenier\u00eda y humanidades, entre otras.<\/p>\n","protected":false},"excerpt":{"rendered":"<p>Agencia de Noticias Univalle Una alianza entre la segunda y tercera universidades p\u00fablicas de Colombia se sell\u00f3 luego de la reuni\u00f3n sostenida en Medell\u00edn entre directivas de las dos instituciones que en su conjunto ofrecen educaci\u00f3n superior a m\u00e1s de 80 mil colombianos La reuni\u00f3n, presidida por el rector y[&#8230;]<\/p>\n","protected":false},"author":1,"featured_media":20905,"comment_status":"open","ping_status":"open","sticky":false,"template":"","format":"standard","meta":{"footnotes":""},"categories":[4],"tags":[],"_links":{"self":[{"href":"https:\/\/emisora.univalle.edu.co\/index.php\/wp-json\/wp\/v2\/posts\/20904"}],"collection":[{"href":"https:\/\/emisora.univalle.edu.co\/index.php\/wp-json\/wp\/v2\/posts"}],"about":[{"href":"https:\/\/emisora.univalle.edu.co\/index.php\/wp-json\/wp\/v2\/types\/post"}],"author":[{"embeddable":true,"href":"https:\/\/emisora.univalle.edu.co\/index.php\/wp-json\/wp\/v2\/users\/1"}],"replies":[{"embeddable":true,"href":"https:\/\/emisora.univalle.edu.co\/index.php\/wp-json\/wp\/v2\/comments?post=20904"}],"version-history":[{"count":1,"href":"https:\/\/emisora.univalle.edu.co\/index.php\/wp-json\/wp\/v2\/posts\/20904\/revisions"}],"predecessor-version":[{"id":20906,"href":"https:\/\/emisora.univalle.edu.co\/index.php\/wp-json\/wp\/v2\/posts\/20904\/revisions\/20906"}],"wp:featuredmedia":[{"embeddable":true,"href":"https:\/\/emisora.univalle.edu.co\/index.php\/wp-json\/wp\/v2\/media\/20905"}],"wp:attachment":[{"href":"https:\/\/emisora.univalle.edu.co\/index.php\/wp-json\/wp\/v2\/media?parent=20904"}],"wp:term":[{"taxonomy":"category","embeddable":true,"href":"https:\/\/emisora.univalle.edu.co\/index.php\/wp-json\/wp\/v2\/categories?post=20904"},{"taxonomy":"post_tag","embeddable":true,"href":"https:\/\/emisora.univalle.edu.co\/index.php\/wp-json\/wp\/v2\/tags?post=20904"}],"curies":[{"name":"wp","href":"https:\/\/api.w.org\/{rel}","templated":true}]}}