{"id":20913,"date":"2019-03-08T10:57:01","date_gmt":"2019-03-08T15:57:01","guid":{"rendered":"https:\/\/emisora.univalle.edu.co\/?p=20913"},"modified":"2019-03-08T10:57:01","modified_gmt":"2019-03-08T15:57:01","slug":"estrategias-para-el-fortalecimiento-de-la-educacion-superior","status":"publish","type":"post","link":"https:\/\/emisora.univalle.edu.co\/index.php\/estrategias-para-el-fortalecimiento-de-la-educacion-superior\/","title":{"rendered":"Estrategias para el fortalecimiento de la educaci\u00f3n superior"},"content":{"rendered":"<p><span class=\"authorPost\">Agencia de Noticias Univalle<\/span><\/p>\n<div class=\"itemFullText\">\n<p>Representantes profesorales ante los Consejos Superior y Acad\u00e9mico de Universidades P\u00fablicas del pa\u00eds &#8211; ARPUP, se reunieron hoy en Asamblea Nacional para debatir sobre el fortalecimiento de la actividad profesoral y de la educaci\u00f3n superior p\u00fablica.<\/p>\n<p>Durante este encuentro, que se cumple hoy jueves 7 y ma\u00f1ana 8 de marzo de 2019 en el Campus de Mel\u00e9ndez de la Universidad del Valle, los representantes profesorales de las 32 universidades p\u00fablicas colombianas discuten la agenda para 2019, en lo correspondiente a los compromisos para la implementaci\u00f3n de los acuerdos de la Mesa de Di\u00e1logo y la agenda del profesorado en relaci\u00f3n con la defensa de la educaci\u00f3n p\u00fablica superior.<\/p>\n<p>El rector Edgar Varela Barrios se dirigi\u00f3 a los asistentes a la Asamblea durante la instalaci\u00f3n de las sesiones y se\u00f1al\u00f3 que \u201cdurante los pr\u00f3ximos meses es esencial que trabajemos en construir una propuesta unificada para presentar ante el Congreso, de lo contrario tendremos que enfrentar un panorama complicado, pues el cabildeo individual podr\u00eda generar una fragmentaci\u00f3n que en nada garantizar\u00eda el mejoramiento de las condiciones actuales de la educaci\u00f3n superior colombiana\u201d.<\/p>\n<p>Durante su intervenci\u00f3n, el rector Varela Barrios tambi\u00e9n brind\u00f3 a los asistentes una breve descripci\u00f3n del estado actual de las negociaciones y los acuerdos alcanzados por el Sistema Universitario Estatal, que incorpora las exigencias de los movimientos estudiantil y profesoral, y que se plantean ante instancias como el Ministerio de Educaci\u00f3n Nacional, el Congreso de la Rep\u00fablica, el Departamento de Planeaci\u00f3n Nacional y la Presidencia de la Rep\u00fablica, en especial, en materia de financiamiento para la educaci\u00f3n superior y en normatividad que afecta al profesorado.<\/p>\n<p>\u201cLo que pas\u00f3 en el segundo semestre de 2018 propici\u00f3, desde mi perspectiva, un viraje muy positivo en el horizonte de la financiaci\u00f3n de nuestras universidades, de ah\u00ed la importancia de trabajar en los asuntos relacionados a la reforma de los art\u00edculos 86 y 87 de la Ley 30 de 1994. En d\u00edas pasados, conocimos que la decisi\u00f3n que ha tomado el Gobierno Nacional es la de presentar el proyecto concertado en el segundo semestre de 2019, radicando as\u00ed el documento cerca del mes de junio\u201d, se\u00f1al\u00f3 el rector, quien enfatiz\u00f3 en la importancia de construir una propuesta unificada, concertada e integradora.<\/p>\n<p>Otro de los puntos tratados durante la jornada est\u00e1 relacionado con la aprobaci\u00f3n de un plebiscito, cuya inscripci\u00f3n ya se realiz\u00f3 ante la Registradur\u00eda Nacional del Estado Civil. Su objetivo es el de garantizar el acceso a la educaci\u00f3n superior como un derecho fundamental.<\/p>\n<p>\u201cDesde el a\u00f1o pasado hemos trabajado arduamente en este proceso de movilizaci\u00f3n por la defensa de la educaci\u00f3n superior p\u00fablica y por la dignidad del profesorado en Colombia. Hemos obtenido importantes logros, de manera que quisiera felicitarlos por esa importante din\u00e1mica de defensa que gestaron desde sus universidades. Nos espera entonces una jornada de trabajo ardua para continuar defendiendo la educaci\u00f3n en nuestro pa\u00eds, y garantizar el acceso a la educaci\u00f3n superior como un derecho fundamental\u201d, se\u00f1al\u00f3 Alexander Giraldo, representante profesoral ante el Consejo Acad\u00e9mico de la Universidad del Valle y uno de los organizadores de este encuentro nacional.<\/p>\n<p>Cabe recordar que finalizando 2018 estudiantes, profesores, trabajadores y funcionarios de las Universidades p\u00fablicas y privadas del pa\u00eds manifestaron de manera un\u00e1nime su preocupaci\u00f3n ante el modelo de financiamiento para la educaci\u00f3n superior propuesto por el Gobierno Nacional, raz\u00f3n por la cual, de manera organizada y pac\u00edfica, protestaron en defensa de este derecho.<\/p>\n<p>Gracias a las diversas manifestaciones sociales como marchas, concentraciones e intervenciones y tras varias semanas de negociaci\u00f3n con el Ministerio de Educaci\u00f3n Nacional, se alcanz\u00f3 un acuerdo hist\u00f3rico para la educaci\u00f3n p\u00fablica.<\/p>\n<p>Durante la Asamblea Nacional de ARPUP, tambi\u00e9n se realizar\u00e1 un balance sobre los procesos de la educaci\u00f3n superior p\u00fablica en 2018; se presentar\u00e1n informes de los representantes del Consejo Nacional de Educaci\u00f3n Superior \u2013 CESU, as\u00ed como de la Mesa de Seguimiento al Decreto 1279 de 2002, de los delegados de ARPUP en la Mesa de Di\u00e1logo Nacional y de los representantes ante los Consejos Universitarios.<\/p>\n<\/div>\n","protected":false},"excerpt":{"rendered":"<p>Agencia de Noticias Univalle Representantes profesorales ante los Consejos Superior y Acad\u00e9mico de Universidades P\u00fablicas del pa\u00eds &#8211; ARPUP, se reunieron hoy en Asamblea Nacional para debatir sobre el fortalecimiento de la actividad profesoral y de la educaci\u00f3n superior p\u00fablica. Durante este encuentro, que se cumple hoy jueves 7 y[&#8230;]<\/p>\n","protected":false},"author":1,"featured_media":20914,"comment_status":"open","ping_status":"open","sticky":false,"template":"","format":"standard","meta":{"footnotes":""},"categories":[4],"tags":[],"_links":{"self":[{"href":"https:\/\/emisora.univalle.edu.co\/index.php\/wp-json\/wp\/v2\/posts\/20913"}],"collection":[{"href":"https:\/\/emisora.univalle.edu.co\/index.php\/wp-json\/wp\/v2\/posts"}],"about":[{"href":"https:\/\/emisora.univalle.edu.co\/index.php\/wp-json\/wp\/v2\/types\/post"}],"author":[{"embeddable":true,"href":"https:\/\/emisora.univalle.edu.co\/index.php\/wp-json\/wp\/v2\/users\/1"}],"replies":[{"embeddable":true,"href":"https:\/\/emisora.univalle.edu.co\/index.php\/wp-json\/wp\/v2\/comments?post=20913"}],"version-history":[{"count":1,"href":"https:\/\/emisora.univalle.edu.co\/index.php\/wp-json\/wp\/v2\/posts\/20913\/revisions"}],"predecessor-version":[{"id":20915,"href":"https:\/\/emisora.univalle.edu.co\/index.php\/wp-json\/wp\/v2\/posts\/20913\/revisions\/20915"}],"wp:featuredmedia":[{"embeddable":true,"href":"https:\/\/emisora.univalle.edu.co\/index.php\/wp-json\/wp\/v2\/media\/20914"}],"wp:attachment":[{"href":"https:\/\/emisora.univalle.edu.co\/index.php\/wp-json\/wp\/v2\/media?parent=20913"}],"wp:term":[{"taxonomy":"category","embeddable":true,"href":"https:\/\/emisora.univalle.edu.co\/index.php\/wp-json\/wp\/v2\/categories?post=20913"},{"taxonomy":"post_tag","embeddable":true,"href":"https:\/\/emisora.univalle.edu.co\/index.php\/wp-json\/wp\/v2\/tags?post=20913"}],"curies":[{"name":"wp","href":"https:\/\/api.w.org\/{rel}","templated":true}]}}