{"id":20916,"date":"2019-03-08T10:58:47","date_gmt":"2019-03-08T15:58:47","guid":{"rendered":"https:\/\/emisora.univalle.edu.co\/?p=20916"},"modified":"2019-03-08T10:58:47","modified_gmt":"2019-03-08T15:58:47","slug":"unal-udea-y-univalle-pondran-en-marcha-agenda-de-cooperacion","status":"publish","type":"post","link":"https:\/\/emisora.univalle.edu.co\/index.php\/unal-udea-y-univalle-pondran-en-marcha-agenda-de-cooperacion\/","title":{"rendered":"Unal, UdeA y Univalle pondr\u00e1n en marcha agenda de cooperaci\u00f3n"},"content":{"rendered":"<p><span class=\"authorPost\">Agencia de Noticias Univalle<\/span><\/p>\n<div class=\"itemFullText\">\n<p>Las universidades del Valle, Nacional de Colombia y de Antioquia se articular\u00e1n para promover programas de posgrado, proyectos de investigaci\u00f3n y publicaciones, entre otros frentes de trabajo, para fortalecer los procesos misionales de las tres instituciones.<\/p>\n<p>As\u00ed lo manifest\u00f3 el rector de la Universidad del Valle Edgar Varela Barrios, luego de una reuni\u00f3n con la rectora de la Universidad Nacional Dolly Montoya, realizada en el Campus de San Fernando.<\/p>\n<p>\u201cHemos acordado una agenda de cooperaci\u00f3n entre las tres grandes universidades p\u00fablicas. Nos parece que no basta con que nos unifiquemos solo en la defensa del presupuesto o de la universidad en general, sino que pasemos a terrenos m\u00e1s concretos como programas de doctorado, publicaciones y trabajos de investigaci\u00f3n en conjunto, y que podamos tener intercambios, experiencias y aprendizajes, tanto de gesti\u00f3n acad\u00e9mica como en las \u00e1reas administrativas y financieras\u201d se\u00f1al\u00f3 el rector Varela al finalizar la reuni\u00f3n.<\/p>\n<p>Por su parte, la rectora de la Universidad Nacional de Colombia, la cient\u00edfica y qu\u00edmica farmac\u00e9utica Dolly Montoya Casta\u00f1o manifest\u00f3 que \u201ces una responsabilidad de las universidades p\u00fablicas grandes ayudar a elevar la calidad educativa y plantear grandes retos. Lo mejor que podemos hacer es trabajar juntas para que la calidad acad\u00e9mica se pueda garantizar en todo el sistema de universidades p\u00fablicas\u201d.<\/p>\n<p>\u201cEl primer doctorado que trabajar\u00edamos con estas dos instituciones es el de Gobierno y Administraci\u00f3n P\u00fablica, un programa que no existe en Colombia. Est\u00e1 vinculado a la propuesta de creaci\u00f3n del Laboratorio Nacional de Pol\u00edticas P\u00fablica, que ser\u00eda un centro de pensamiento en el que nos articular\u00edamos con otras universidades privadas y el sector empresarial, con el \u00e1nimo de mejorar el dise\u00f1o, formulaci\u00f3n y evaluaci\u00f3n de pol\u00edticas p\u00fablicas en el pa\u00eds\u201d enfatiz\u00f3 el rector Varela.<\/p>\n<p>La rectora Dolly Montoya se\u00f1al\u00f3 que con sus hom\u00f3logos de Univalle y la UdeA se han planteado el reto de c\u00f3mo formar, en el m\u00e1s alto nivel en pol\u00edtica p\u00fablica a los l\u00edderes y dirigentes del pa\u00eds, as\u00ed como a todos los interesados.<\/p>\n<p>La rectora Montoya Casta\u00f1o record\u00f3 que en pa\u00edses como Chile, Argentina y Brasil se adelantaron esfuerzos para la formaci\u00f3n doctoral de la clase dirigente, as\u00ed como los l\u00edderes de sus consejos y ministerios de ciencia y tecnolog\u00eda. \u201cCreo que como instituciones tenemos que darle estatus a la pol\u00edtica en el pa\u00eds, para ser interlocutores del Estado\u201d manifest\u00f3.<\/p>\n<p>Otra de las \u00e1reas en las que esperan articular esfuerzos es en biotecnolog\u00eda y bioingenier\u00eda, un campo de investigaci\u00f3n en el cual las tres instituciones cuentan con amplias fortalezas. As\u00ed mismo, los equipos de trabajo de estas tres universidades seguir\u00e1n explorando otras posibilidades y \u00e1reas de trabajo.<\/p>\n<p>Al finalizar la reuni\u00f3n, la rectora Dolly Montoya Casta\u00f1o manifest\u00f3: \u201chemos hablado de compartir doctorados y profesores, as\u00ed como otro tipo de programas y proyectos. As\u00ed como debemos compartir una propuesta de pol\u00edtica de Estado para la educaci\u00f3n superior en Colombia.\u201d<\/p>\n<p>Como recalc\u00f3 el rector Varela Barrios, Univalle est\u00e1 trabajando en la formulaci\u00f3n de un pregrado en administraci\u00f3n p\u00fablica, esfuerzo en el que las otras dos instituciones ya tienen adelantos, como el pregrado en desarrollo territorial con el que cuenta la UdeA.<\/p>\n<p>Este anuncio se suma al realizado a inicios de la presente semana, luego de una reuni\u00f3n entre el rector de la Universidad del Valle y el rector de la Universidad de Antioquia John Jairo Arboleda C\u00e9spedes, en la cual los directivos de ambas instituciones acordaron la articulaci\u00f3n en la formulaci\u00f3n de programas de posgrado, una estrategia para la promoci\u00f3n de las publicaciones impresas y el desarrollo de publicaciones conjuntas, entre otros aspectos. Con el anuncio realizado este jueves 7 de marzo se inicia una etapa de trabajo conjunto entre las tres universidades p\u00fablicas de m\u00e1s impacto en Colombia.<\/p>\n<\/div>\n","protected":false},"excerpt":{"rendered":"<p>Agencia de Noticias Univalle Las universidades del Valle, Nacional de Colombia y de Antioquia se articular\u00e1n para promover programas de posgrado, proyectos de investigaci\u00f3n y publicaciones, entre otros frentes de trabajo, para fortalecer los procesos misionales de las tres instituciones. As\u00ed lo manifest\u00f3 el rector de la Universidad del Valle[&#8230;]<\/p>\n","protected":false},"author":1,"featured_media":20917,"comment_status":"open","ping_status":"open","sticky":false,"template":"","format":"standard","meta":{"footnotes":""},"categories":[4],"tags":[],"_links":{"self":[{"href":"https:\/\/emisora.univalle.edu.co\/index.php\/wp-json\/wp\/v2\/posts\/20916"}],"collection":[{"href":"https:\/\/emisora.univalle.edu.co\/index.php\/wp-json\/wp\/v2\/posts"}],"about":[{"href":"https:\/\/emisora.univalle.edu.co\/index.php\/wp-json\/wp\/v2\/types\/post"}],"author":[{"embeddable":true,"href":"https:\/\/emisora.univalle.edu.co\/index.php\/wp-json\/wp\/v2\/users\/1"}],"replies":[{"embeddable":true,"href":"https:\/\/emisora.univalle.edu.co\/index.php\/wp-json\/wp\/v2\/comments?post=20916"}],"version-history":[{"count":1,"href":"https:\/\/emisora.univalle.edu.co\/index.php\/wp-json\/wp\/v2\/posts\/20916\/revisions"}],"predecessor-version":[{"id":20918,"href":"https:\/\/emisora.univalle.edu.co\/index.php\/wp-json\/wp\/v2\/posts\/20916\/revisions\/20918"}],"wp:featuredmedia":[{"embeddable":true,"href":"https:\/\/emisora.univalle.edu.co\/index.php\/wp-json\/wp\/v2\/media\/20917"}],"wp:attachment":[{"href":"https:\/\/emisora.univalle.edu.co\/index.php\/wp-json\/wp\/v2\/media?parent=20916"}],"wp:term":[{"taxonomy":"category","embeddable":true,"href":"https:\/\/emisora.univalle.edu.co\/index.php\/wp-json\/wp\/v2\/categories?post=20916"},{"taxonomy":"post_tag","embeddable":true,"href":"https:\/\/emisora.univalle.edu.co\/index.php\/wp-json\/wp\/v2\/tags?post=20916"}],"curies":[{"name":"wp","href":"https:\/\/api.w.org\/{rel}","templated":true}]}}