{"id":20919,"date":"2019-03-08T11:06:35","date_gmt":"2019-03-08T16:06:35","guid":{"rendered":"https:\/\/emisora.univalle.edu.co\/?p=20919"},"modified":"2019-03-08T11:06:35","modified_gmt":"2019-03-08T16:06:35","slug":"inicia-nueva-temporada-de-viernes-de-letras","status":"publish","type":"post","link":"https:\/\/emisora.univalle.edu.co\/index.php\/inicia-nueva-temporada-de-viernes-de-letras\/","title":{"rendered":"Inicia nueva temporada de Viernes de Letras"},"content":{"rendered":"<p><span class=\"authorPost\">Agencia de Noticias Univalle<\/span><\/p>\n<div class=\"itemFullText\">\n<p>Entre el 22 de marzo y el 21 de junio se realizar\u00e1 la novena temporada del ciclo de conferencias Viernes de Letras, un programa de extensi\u00f3n organizado por la Escuela de Estudios Literarios de la Universidad del Valle, en el cual diversos autores dialogan con la comunidad universitaria.<\/p>\n<p>En este primer semestre de 2019 se realizar\u00e1n nueve encuentros en torno al arte, la literatura y variadass facetas del conocimiento, en el \u00e1rea de las Ciencias Sociales y Humanas.<\/p>\n<p>La programaci\u00f3n incluye escritores, investigadores, poetas, dramaturgos y un homenaje al novelista chileno Roberto Bola\u00f1o.<\/p>\n<p>Viernes de Letras contar\u00e1 en esta temporada con Juan Manuel Roca, Ida Valencia Ortiz, Eugenio G\u00f3mez Borrero, Anna Kraus, Felipe R\u00edos Baeza, Alberto Bejarano, Jos\u00e9 Jes\u00fas Osorio, Alejandra Jaramillo, Orlando L\u00f3pez Valencia, Mauricio Domenici, Guillermo Bustamante Zamudio y Carlos Pati\u00f1o Mill\u00e1n.<\/p>\n<p>Los conversatorios de Viernes de Letras tienen lugar en el Auditorio \u00c1ngel Zapata de la Biblioteca Mario Carvajal, a las 6:00 p.m.<\/p>\n<p>Viernes de Letras cuenta con el apoyo del \u00c1rea Cultural de la Divisi\u00f3n de Bibliotecas y de la Rector\u00eda de la Universidad del Valle.<\/p>\n<\/div>\n","protected":false},"excerpt":{"rendered":"<p>Agencia de Noticias Univalle Entre el 22 de marzo y el 21 de junio se realizar\u00e1 la novena temporada del ciclo de conferencias Viernes de Letras, un programa de extensi\u00f3n organizado por la Escuela de Estudios Literarios de la Universidad del Valle, en el cual diversos autores dialogan con la[&#8230;]<\/p>\n","protected":false},"author":1,"featured_media":20920,"comment_status":"open","ping_status":"open","sticky":false,"template":"","format":"standard","meta":{"footnotes":""},"categories":[4],"tags":[],"_links":{"self":[{"href":"https:\/\/emisora.univalle.edu.co\/index.php\/wp-json\/wp\/v2\/posts\/20919"}],"collection":[{"href":"https:\/\/emisora.univalle.edu.co\/index.php\/wp-json\/wp\/v2\/posts"}],"about":[{"href":"https:\/\/emisora.univalle.edu.co\/index.php\/wp-json\/wp\/v2\/types\/post"}],"author":[{"embeddable":true,"href":"https:\/\/emisora.univalle.edu.co\/index.php\/wp-json\/wp\/v2\/users\/1"}],"replies":[{"embeddable":true,"href":"https:\/\/emisora.univalle.edu.co\/index.php\/wp-json\/wp\/v2\/comments?post=20919"}],"version-history":[{"count":1,"href":"https:\/\/emisora.univalle.edu.co\/index.php\/wp-json\/wp\/v2\/posts\/20919\/revisions"}],"predecessor-version":[{"id":20921,"href":"https:\/\/emisora.univalle.edu.co\/index.php\/wp-json\/wp\/v2\/posts\/20919\/revisions\/20921"}],"wp:featuredmedia":[{"embeddable":true,"href":"https:\/\/emisora.univalle.edu.co\/index.php\/wp-json\/wp\/v2\/media\/20920"}],"wp:attachment":[{"href":"https:\/\/emisora.univalle.edu.co\/index.php\/wp-json\/wp\/v2\/media?parent=20919"}],"wp:term":[{"taxonomy":"category","embeddable":true,"href":"https:\/\/emisora.univalle.edu.co\/index.php\/wp-json\/wp\/v2\/categories?post=20919"},{"taxonomy":"post_tag","embeddable":true,"href":"https:\/\/emisora.univalle.edu.co\/index.php\/wp-json\/wp\/v2\/tags?post=20919"}],"curies":[{"name":"wp","href":"https:\/\/api.w.org\/{rel}","templated":true}]}}