{"id":20922,"date":"2019-03-11T14:12:52","date_gmt":"2019-03-11T19:12:52","guid":{"rendered":"https:\/\/emisora.univalle.edu.co\/?p=20922"},"modified":"2019-03-11T14:12:52","modified_gmt":"2019-03-11T19:12:52","slug":"laura-benavides-es-egresadauv-del-programa-de-musica","status":"publish","type":"post","link":"https:\/\/emisora.univalle.edu.co\/index.php\/laura-benavides-es-egresadauv-del-programa-de-musica\/","title":{"rendered":"Laura Benavides es #EgresadaUV del Programa de M\u00fasica"},"content":{"rendered":"<p>Laura Benavides es egresada del Programa de M\u00fasica. Laura trabaja en la Universidad del como docente de piano de ni\u00f1os y j\u00f3venes y en el Instituto de Bellas Artes.<\/p>\n<p style=\"text-align: center;\"><iframe loading=\"lazy\" src=\"https:\/\/www.youtube.com\/embed\/39TwZAjvUHA\" width=\"560\" height=\"315\" frameborder=\"0\" allowfullscreen=\"allowfullscreen\"><\/iframe><\/p>\n","protected":false},"excerpt":{"rendered":"<p>Laura Benavides es egresada del Programa de M\u00fasica. Laura trabaja en la Universidad del como docente de piano de ni\u00f1os y j\u00f3venes y en el Instituto de Bellas Artes.<\/p>\n","protected":false},"author":1,"featured_media":20923,"comment_status":"open","ping_status":"open","sticky":false,"template":"","format":"standard","meta":{"footnotes":""},"categories":[4],"tags":[],"_links":{"self":[{"href":"https:\/\/emisora.univalle.edu.co\/index.php\/wp-json\/wp\/v2\/posts\/20922"}],"collection":[{"href":"https:\/\/emisora.univalle.edu.co\/index.php\/wp-json\/wp\/v2\/posts"}],"about":[{"href":"https:\/\/emisora.univalle.edu.co\/index.php\/wp-json\/wp\/v2\/types\/post"}],"author":[{"embeddable":true,"href":"https:\/\/emisora.univalle.edu.co\/index.php\/wp-json\/wp\/v2\/users\/1"}],"replies":[{"embeddable":true,"href":"https:\/\/emisora.univalle.edu.co\/index.php\/wp-json\/wp\/v2\/comments?post=20922"}],"version-history":[{"count":1,"href":"https:\/\/emisora.univalle.edu.co\/index.php\/wp-json\/wp\/v2\/posts\/20922\/revisions"}],"predecessor-version":[{"id":20924,"href":"https:\/\/emisora.univalle.edu.co\/index.php\/wp-json\/wp\/v2\/posts\/20922\/revisions\/20924"}],"wp:featuredmedia":[{"embeddable":true,"href":"https:\/\/emisora.univalle.edu.co\/index.php\/wp-json\/wp\/v2\/media\/20923"}],"wp:attachment":[{"href":"https:\/\/emisora.univalle.edu.co\/index.php\/wp-json\/wp\/v2\/media?parent=20922"}],"wp:term":[{"taxonomy":"category","embeddable":true,"href":"https:\/\/emisora.univalle.edu.co\/index.php\/wp-json\/wp\/v2\/categories?post=20922"},{"taxonomy":"post_tag","embeddable":true,"href":"https:\/\/emisora.univalle.edu.co\/index.php\/wp-json\/wp\/v2\/tags?post=20922"}],"curies":[{"name":"wp","href":"https:\/\/api.w.org\/{rel}","templated":true}]}}