{"id":20927,"date":"2019-03-11T14:18:43","date_gmt":"2019-03-11T19:18:43","guid":{"rendered":"https:\/\/emisora.univalle.edu.co\/?p=20927"},"modified":"2019-03-11T14:18:43","modified_gmt":"2019-03-11T19:18:43","slug":"univalle-trabajara-por-seguir-fortaleciendo-el-cabildo-indigena-universitario","status":"publish","type":"post","link":"https:\/\/emisora.univalle.edu.co\/index.php\/univalle-trabajara-por-seguir-fortaleciendo-el-cabildo-indigena-universitario\/","title":{"rendered":"Univalle trabajar\u00e1 por seguir fortaleciendo el Cabildo Ind\u00edgena Universitario"},"content":{"rendered":"<p><span class=\"authorPost\">Agencia de Noticias Univalle<\/span><\/p>\n<div class=\"itemFullText\">\n<p dir=\"ltr\">Establecer un plan de trabajo que permita el fortalecimiento del Cabildo Ind\u00edgena Universitario &#8211; CIU de Univalle es el compromiso que queda luego de una reuni\u00f3n sostenida entre el rector Edgar Varela y los integrantes del cabildo.<\/p>\n<p dir=\"ltr\">En esta reuni\u00f3n, realizada este viernes 8 de marzo en las instalaciones de la Rector\u00eda, en el campus de Mel\u00e9ndez, tambi\u00e9n particip\u00f3 la vicerrectora acad\u00e9mica Liliana Arias Castillo, la vicerrectora de bienestar universitario Claudia Santamar\u00eda y la vicerrectora administrativa In\u00e9s Mar\u00eda Ulloa Villegas.<\/p>\n<p dir=\"ltr\">\u201cLa reuni\u00f3n es muy importante pues fue presidida por el rector, quien estuvo acompa\u00f1ado por el equipo de vicerrectoras de Bienestar, Administrativa y Acad\u00e9mica, as\u00ed como con los representantes del Cabildo Ind\u00edgena Universitario. En esta reuni\u00f3n la direcci\u00f3n universitaria conoci\u00f3 las necesidades y requerimientos, as\u00ed como los avances que el mismo cabildo ha realizado\u201d se\u00f1al\u00f3 la vicerrectora Liliana Arias.<\/p>\n<p>\u201cLa intenci\u00f3n de la reuni\u00f3n fue presentarle a las directivas universitarias algunas dificultades que hemos tenido como estudiantes ind\u00edgenas, en materia de ingreso, permanencia y retorno a nuestros territorios\u201d se\u00f1al\u00f3 el actual gobernador del Cabildo Ind\u00edgena Gabriel Cuat\u00edn Cuesta, estudiante de la Licenciatura en Educaci\u00f3n F\u00edsica y Deporte y de Sociolog\u00eda, quien pertenece a la comunidad de Pastos (Nari\u00f1o).<\/p>\n<p>Algunas de las necesidades expuestas por los representantes del CIU est\u00e1n relacionadas con las adecuaciones que se requieren en la casa de paso que la instituci\u00f3n ha dispuesto para albergar estudiantes. tambi\u00e9n se dialog\u00f3 sobre la Oficina de Asuntos \u00c9tnicos, adscrita a la Vicerrector\u00eda de Bienestar Universitario y la implementaci\u00f3n de una c\u00e1tedra relacionada co n asuntos ind\u00edgenas.<\/p>\n<p>\u201cEn lo relacionado con la pertinencia de la educaci\u00f3n, hemos trabajado en la propuesta de creaci\u00f3n de una c\u00e1tedra relacionada con las comunidades ind\u00edgenas y el pensamiento de nuestros pueblos originarios, que dan otra forma de entender, otras miradas y perspectivas de c\u00f3mo se ha ense\u00f1ado en la universidad\u201d a\u00f1adi\u00f3 el gobernador del cabildo universitario.<\/p>\n<p>\u201cDurante la reuni\u00f3n hablamos de de establecer planes estrat\u00e9gicos para promover un desarrollo continuo y permanente, y que nos permita a corto, a mediano y largo plazo seguir fortaleciendo el CIU\u201d agreg\u00f3 la vicerrectora acad\u00e9mica Arias Castillo.<\/p>\n<p>La Universidad del Valle tiene cerca de 696 estudiantes ind\u00edgenas matriculados, en el periodo vigente, lo que la convierte en la instituci\u00f3n de educaci\u00f3n superior en Colombia con el mayor n\u00famero de estudiantes ind\u00edgenas. \u201cEs un n\u00famero alt\u00edsimo que no lo tienen otras universidades. Hay bastantes necesidades y trabajaremos para dar respuesta a ella. Nuestro compromiso es trabajar hombro a hombro con el CIU para lograr nuestros prop\u00f3sitos\u201d manifest\u00f3 la profesora Arias Castillo.<\/p>\n<p>\u201cNuestra universidad propende por la inclusi\u00f3n, que entiende y respeta la diversidad. En ese orden de ideas tenemos condiciones de excepci\u00f3n para estudiantes ind\u00edgenas, afros, reinsertados, excombatientes. Lo importante no es solo que ingresen: nos preocupamos por su permanencia y su graduaci\u00f3n. Por eso implementamos el Programa ASES, que es de asistencia y seguimiento estudiantil, orientado a que el estudiante tenga acompa\u00f1amiento de sus pares de semestres superiores, adem\u00e1s de todo el grupo que les hace seguimiento, apoyo y soporte integral que conlleve a el estudiante pueda permanecer y logre graduarse\u201d<\/p>\n<p>Al final de la reuni\u00f3n, los representantes del Cabildo Ind\u00edgena Universitario invitaron a toda la comunidad universitaria a participar de las actividades de cambio de mando del cabildo, que se realizar\u00e1n a finales de marzo en el Campus de Mel\u00e9ndez.<\/p>\n<\/div>\n","protected":false},"excerpt":{"rendered":"<p>Agencia de Noticias Univalle Establecer un plan de trabajo que permita el fortalecimiento del Cabildo Ind\u00edgena Universitario &#8211; CIU de Univalle es el compromiso que queda luego de una reuni\u00f3n sostenida entre el rector Edgar Varela y los integrantes del cabildo. En esta reuni\u00f3n, realizada este viernes 8 de marzo[&#8230;]<\/p>\n","protected":false},"author":1,"featured_media":20929,"comment_status":"open","ping_status":"open","sticky":false,"template":"","format":"standard","meta":{"footnotes":""},"categories":[4],"tags":[],"_links":{"self":[{"href":"https:\/\/emisora.univalle.edu.co\/index.php\/wp-json\/wp\/v2\/posts\/20927"}],"collection":[{"href":"https:\/\/emisora.univalle.edu.co\/index.php\/wp-json\/wp\/v2\/posts"}],"about":[{"href":"https:\/\/emisora.univalle.edu.co\/index.php\/wp-json\/wp\/v2\/types\/post"}],"author":[{"embeddable":true,"href":"https:\/\/emisora.univalle.edu.co\/index.php\/wp-json\/wp\/v2\/users\/1"}],"replies":[{"embeddable":true,"href":"https:\/\/emisora.univalle.edu.co\/index.php\/wp-json\/wp\/v2\/comments?post=20927"}],"version-history":[{"count":1,"href":"https:\/\/emisora.univalle.edu.co\/index.php\/wp-json\/wp\/v2\/posts\/20927\/revisions"}],"predecessor-version":[{"id":20930,"href":"https:\/\/emisora.univalle.edu.co\/index.php\/wp-json\/wp\/v2\/posts\/20927\/revisions\/20930"}],"wp:featuredmedia":[{"embeddable":true,"href":"https:\/\/emisora.univalle.edu.co\/index.php\/wp-json\/wp\/v2\/media\/20929"}],"wp:attachment":[{"href":"https:\/\/emisora.univalle.edu.co\/index.php\/wp-json\/wp\/v2\/media?parent=20927"}],"wp:term":[{"taxonomy":"category","embeddable":true,"href":"https:\/\/emisora.univalle.edu.co\/index.php\/wp-json\/wp\/v2\/categories?post=20927"},{"taxonomy":"post_tag","embeddable":true,"href":"https:\/\/emisora.univalle.edu.co\/index.php\/wp-json\/wp\/v2\/tags?post=20927"}],"curies":[{"name":"wp","href":"https:\/\/api.w.org\/{rel}","templated":true}]}}