{"id":20944,"date":"2019-03-19T12:44:54","date_gmt":"2019-03-19T17:44:54","guid":{"rendered":"https:\/\/emisora.univalle.edu.co\/?p=20944"},"modified":"2019-03-19T12:44:54","modified_gmt":"2019-03-19T17:44:54","slug":"en-cali-v-congreso-iberoamericano-contra-el-abuso-sexual-infantil","status":"publish","type":"post","link":"https:\/\/emisora.univalle.edu.co\/index.php\/en-cali-v-congreso-iberoamericano-contra-el-abuso-sexual-infantil\/","title":{"rendered":"En Cali, V Congreso Iberoamericano Contra el Abuso Sexual Infantil"},"content":{"rendered":"<p><span class=\"authorPost\">Agencia de Noticias Univalle<\/span><\/p>\n<div class=\"itemFullText\">Cali ser\u00e1 sede del V Congreso Iberoamericano Contra el Abuso Sexual Infantil el pr\u00f3ximo 23 y 24 de abril, organizado por la Corporaci\u00f3n Humanizando en articulaci\u00f3n con la Gobernaci\u00f3n del Valle del Cauca, la Alcald\u00eda de Santiago de Cali, el apoyo de la Universidad del Valle, la Personer\u00eda Municipal, entre otras organizaciones. Con el fin de dar a conocer la agenda acad\u00e9mica y todos los detalles de este evento se realizar\u00e1, el pr\u00f3ximo 20 de marzo, su lanzamiento desde las 9:00 a.m. en el Sal\u00f3n Oval del Centro Cultura del Cali. El congreso contar\u00e1 con la participaci\u00f3n de 23 invitados internacionales, nacionales y locales quienes abordar\u00e1n el tema sobre el Abuso Sexual infantil (ASI) desde la prevenci\u00f3n como un tema de corresponsabilidad que le ata\u00f1e a la Familia, Estado y Sociedad. En la lista se encuentran nombres como: Sara Slapak (Doctora en Psicolog\u00eda, Argentina), Mar\u00eda Cristina Hurtado Saenz (Consultora OIM para ni\u00f1ez y post conflicto, Colombia), Sante Cervelli (Director de la Fundaci\u00f3n Comisi\u00f3n Cat\u00f3lica para los migrantes en Argentina), Ludirnella Carvajal (Mujer CAFAM 2019, Colombia), Walter F Lamber (Director M\u00e9dico Estatal para ni\u00f1os en el Estado de Florida y Director de protecci\u00f3n de la ni\u00f1ez para el Sur de Florida, Estados Unidos), entre otros profesionales que han cursado investigaciones sobre la tem\u00e1tica y desde su experiencia han laborado con diferentes organizaciones . Estas acciones son parte del compromiso que la ciudad tiene de seguir trabajando por el bienestar y la protecci\u00f3n integral de esta poblaci\u00f3n. Tambi\u00e9n se busca generar conciencia en la ciudad sobre esta problem\u00e1tica y reducir la cifra registrada en el 2018 por la Secretar\u00eda de Salud P\u00fablica Municipal, donde 1.714 ni\u00f1os, ni\u00f1as y adolescentes v\u00edctimas de violencia sexual fueron atendidos en los Servicios de Salud del Municipio. El V Congreso Iberoamericano Contra el Abuso Sexual Infantil ser\u00e1 en el Paraninfo de la Universidad Libre \u2013Sede Valle del Lili, Cali.<\/div>\n","protected":false},"excerpt":{"rendered":"<p>Agencia de Noticias Univalle Cali ser\u00e1 sede del V Congreso Iberoamericano Contra el Abuso Sexual Infantil el pr\u00f3ximo 23 y 24 de abril, organizado por la Corporaci\u00f3n Humanizando en articulaci\u00f3n con la Gobernaci\u00f3n del Valle del Cauca, la Alcald\u00eda de Santiago de Cali, el apoyo de la Universidad del Valle,[&#8230;]<\/p>\n","protected":false},"author":1,"featured_media":20945,"comment_status":"open","ping_status":"open","sticky":false,"template":"","format":"standard","meta":{"footnotes":""},"categories":[4],"tags":[],"_links":{"self":[{"href":"https:\/\/emisora.univalle.edu.co\/index.php\/wp-json\/wp\/v2\/posts\/20944"}],"collection":[{"href":"https:\/\/emisora.univalle.edu.co\/index.php\/wp-json\/wp\/v2\/posts"}],"about":[{"href":"https:\/\/emisora.univalle.edu.co\/index.php\/wp-json\/wp\/v2\/types\/post"}],"author":[{"embeddable":true,"href":"https:\/\/emisora.univalle.edu.co\/index.php\/wp-json\/wp\/v2\/users\/1"}],"replies":[{"embeddable":true,"href":"https:\/\/emisora.univalle.edu.co\/index.php\/wp-json\/wp\/v2\/comments?post=20944"}],"version-history":[{"count":1,"href":"https:\/\/emisora.univalle.edu.co\/index.php\/wp-json\/wp\/v2\/posts\/20944\/revisions"}],"predecessor-version":[{"id":20946,"href":"https:\/\/emisora.univalle.edu.co\/index.php\/wp-json\/wp\/v2\/posts\/20944\/revisions\/20946"}],"wp:featuredmedia":[{"embeddable":true,"href":"https:\/\/emisora.univalle.edu.co\/index.php\/wp-json\/wp\/v2\/media\/20945"}],"wp:attachment":[{"href":"https:\/\/emisora.univalle.edu.co\/index.php\/wp-json\/wp\/v2\/media?parent=20944"}],"wp:term":[{"taxonomy":"category","embeddable":true,"href":"https:\/\/emisora.univalle.edu.co\/index.php\/wp-json\/wp\/v2\/categories?post=20944"},{"taxonomy":"post_tag","embeddable":true,"href":"https:\/\/emisora.univalle.edu.co\/index.php\/wp-json\/wp\/v2\/tags?post=20944"}],"curies":[{"name":"wp","href":"https:\/\/api.w.org\/{rel}","templated":true}]}}